{"id":156070,"date":"2016-10-13T07:47:35","date_gmt":"2016-10-13T05:47:35","guid":{"rendered":"http:\/\/www.fuldaer-nachrichten.de\/?p=156070"},"modified":"2016-10-13T07:47:35","modified_gmt":"2016-10-13T05:47:35","slug":"bayerische-rhoengas-gmbh-hat-den-mitarbeiter-walter-ziegler-aus-salz-in-den-ruhestand-verabschiedet","status":"publish","type":"post","link":"https:\/\/www.fuldaernachrichten.de\/?p=156070","title":{"rendered":"Bayerische Rh\u00f6ngas GmbH hat den Mitarbeiter Walter Ziegler aus Salz in den Ruhestand verabschiedet"},"content":{"rendered":"<p>In den Ruhestand hat die Gesch\u00e4ftsf\u00fchrung der Bayerischen Rh\u00f6ngas GmbH den Mitarbeiter Walter Ziegler (Mitte) verabschiedet. Seit seinem Eintritt in das Versorgungsunternehmen im Jahr 1982 ist der gelernte Maschinenschlosser bei der Gasinstallation und im Rohrleitungsbau im ganzen Landkreis Rh\u00f6n-Grabfeld unterwegs. Im Laufe seiner T\u00e4tigkeit hat der S\u00e4lzer seine F\u00e4higkeiten im Bereich Schwei\u00dfen von Rohren und Rohrleitungsteilen aus Kunststoff f\u00fcr die zahlreichen Gasleitungen ausgebaut. Der engagierte Rohrnetzmonteur leistete auch Bereitschaftsdienst, um die Versorgung der rund 7.200 an das Gasleitungsnetz angeschlossenen Haushalte zu gew\u00e4hrleisten. Bereits im Jahr 2007 feierte Walter Ziegler sein 25-j\u00e4hriges Arbeitsjubil\u00e4um. Beim Abschied in den Ruhestand zum 30. September blickt er auf 34 Dienstjahre zur\u00fcck. F\u00fcr die langj\u00e4hrige Unterst\u00fctzung dankten (von links) Thomas Merker (Techn. Gesch\u00e4ftsf\u00fchrer), Udo Schneider (Techn. Leiter), Bernd Fiedler (Betriebsratsvorsitzender), Joachim Baumbach (Kfm. Leiter) und Helmut Grosser (Kfm. Gesch\u00e4ftsf\u00fchrer).<\/p>\n","protected":false},"excerpt":{"rendered":"<div class=\"tmnf_excerpt\"><p>In den Ruhestand hat die Gesch\u00e4ftsf\u00fchrung der Bayerischen Rh\u00f6ngas GmbH den Mitarbeiter Walter Ziegler (Mitte) verabschiedet. Seit seinem Eintritt in das Versorgungsunternehmen im Jahr 1982 ist der gelernte Maschinenschlosser bei der Gasinstallation und im Rohrleitungsbau im ganzen Landkreis Rh\u00f6n-Grabfeld unterwegs. Im Laufe seiner T\u00e4tigkeit hat der S\u00e4lzer seine F\u00e4higkeiten im Bereich Schwei\u00dfen von Rohren und &hellip;<\/p>\n<\/div>","protected":false},"author":1,"featured_media":156080,"comment_status":"closed","ping_status":"closed","sticky":false,"template":"","format":"standard","meta":{"footnotes":""},"categories":[1],"tags":[],"class_list":["post-156070","post","type-post","status-publish","format-standard","has-post-thumbnail","hentry","category-startseite"],"_links":{"self":[{"href":"https:\/\/www.fuldaernachrichten.de\/index.php?rest_route=\/wp\/v2\/posts\/156070","targetHints":{"allow":["GET"]}}],"collection":[{"href":"https:\/\/www.fuldaernachrichten.de\/index.php?rest_route=\/wp\/v2\/posts"}],"about":[{"href":"https:\/\/www.fuldaernachrichten.de\/index.php?rest_route=\/wp\/v2\/types\/post"}],"author":[{"embeddable":true,"href":"https:\/\/www.fuldaernachrichten.de\/index.php?rest_route=\/wp\/v2\/users\/1"}],"replies":[{"embeddable":true,"href":"https:\/\/www.fuldaernachrichten.de\/index.php?rest_route=%2Fwp%2Fv2%2Fcomments&post=156070"}],"version-history":[{"count":1,"href":"https:\/\/www.fuldaernachrichten.de\/index.php?rest_route=\/wp\/v2\/posts\/156070\/revisions"}],"predecessor-version":[{"id":156081,"href":"https:\/\/www.fuldaernachrichten.de\/index.php?rest_route=\/wp\/v2\/posts\/156070\/revisions\/156081"}],"wp:featuredmedia":[{"embeddable":true,"href":"https:\/\/www.fuldaernachrichten.de\/index.php?rest_route=\/wp\/v2\/media\/156080"}],"wp:attachment":[{"href":"https:\/\/www.fuldaernachrichten.de\/index.php?rest_route=%2Fwp%2Fv2%2Fmedia&parent=156070"}],"wp:term":[{"taxonomy":"category","embeddable":true,"href":"https:\/\/www.fuldaernachrichten.de\/index.php?rest_route=%2Fwp%2Fv2%2Fcategories&post=156070"},{"taxonomy":"post_tag","embeddable":true,"href":"https:\/\/www.fuldaernachrichten.de\/index.php?rest_route=%2Fwp%2Fv2%2Ftags&post=156070"}],"curies":[{"name":"wp","href":"https:\/\/api.w.org\/{rel}","templated":true}]}}