{"id":156063,"date":"2016-10-13T07:44:25","date_gmt":"2016-10-13T05:44:25","guid":{"rendered":"http:\/\/www.fuldaer-nachrichten.de\/?p=156063"},"modified":"2016-10-13T07:44:25","modified_gmt":"2016-10-13T05:44:25","slug":"kart-slalom-luca-nappi-gewinnt-adac-bundesendlauf","status":"publish","type":"post","link":"https:\/\/www.fuldaernachrichten.de\/?p=156063","title":{"rendered":"Kart-Slalom &#8211; Luca Nappi gewinnt ADAC Bundesendlauf"},"content":{"rendered":"<p>Luca Nappi, Fahrer des MSC Braach, gewinnt sensationell den ADAC Bundesendlauf in Hannover. Der geb\u00fcrtige Bad Hersfelder setzte sich souver\u00e4n gegen 51 Teilnehmer aus ganz Deutschland mit 0,50 Sekunden Vorsprung auf den Zweitplatzierten aus Weser-Ems durch. Beim j\u00e4hrlich stattfindenden ADAC Bundesendlauf treten aus insgesamt 17 Regionen Deutschlands die besten drei Teilnehmer aus jeder Region in insgesamt 5 Klassen (255 Fahrer klassen\u00fcbergreifend) gegeneinander an. Ermittelt werden die Repr\u00e4sentanten der jeweiligen Bundesl\u00e4nder durch zahlreiche, kr\u00e4ftezehrende Vorl\u00e4ufe. Im Falle des 13 j\u00e4hrigen Lucas, der f\u00fcr den ADAC Hessen-Th\u00fcringen in der Klasse 3 an den Start geht, waren es wettbewerbs\u00fcbergreifend 10 Regionall\u00e4ufe\u00e2\u20ac\u00a8(Nordhessen Meisterschaft), sowie 4 \u00fcberregionale Rennen (ADAC Hessen-Th\u00fcringen Meisterschaft), bevor er eine Einladung des vom ADAC ausgerichteten Bundesendlaufes erhalten hat.<\/p>\n<p>Unabh\u00e4ngig davon, aus welcher Region oder mit wie vielen Punkten sich ein Fahrer qualifiziert hat, werden beim ADAC Bundesendlauf vorherige Saisonergebnisse nicht miteinberechnet, sodass es nicht nur wichtig ist schnell und fehlerfrei den Parcours zu absolvieren, sondern auch Nervenst\u00e4rke zu zeigen, um Leistung auf den Punkt abrufen zu k\u00f6nnen, ein Kunstst\u00fcck, welches Luca hervorragend gelungen ist.\u00e2\u20ac\u00a8Den ersten von zwei Wertungsl\u00e4ufen beendete Nappi auf Rang zwei liegend, mit einem hauchd\u00fcnnen R\u00fcckstand auf den Erstplatzierten aus S\u00fcdbayern von nur 0,07 Sekunden. Nicht nur der R\u00fcckstand auf Platz 1 war denkbar knapp, sondern auch der Vorsprung auf die hinteren R\u00e4nge schwindend gering, weshalb im zweiten Wertungslauf von allen Fahrer noch einmal alles gegeben werden muss. Im Gegensatz zu seinen Konkurrenten hat Luca das gesamte Rennen \u00fcber einen klaren Kopf behalten, daher rief er seine Zeit aus dem ersten Lauf mit 40,44 Sekunden erneut ab und setzte sich mit 40,43 Sekunden im zweiten Lauf an die Spitze, welche er bis zum Ende des Rennens behalten hat. Gewonnen hat Luca den ADAC Bundesendlauf, welcher gleichzeitig der gr\u00f6\u00dfte Erfolg f\u00fcr den kleinen aber in der Kartsportszene renommierten Verein MSC Braach ist, nicht nur mit Konstanz, Schnelligkeit und Nervenst\u00e4rke, sondern auch mit der richtigen Taktik, die er zuvor mit seinem gro\u00dfen Bruder Ciro, der gleichzeitig sein Coach bei s\u00e4mtlichen Rennen ist, ausgekl\u00fcgelt hat. N\u00e4mlich anstelle von Risiken einzugehen, das Rennen vielmehr durch einen harmonischen Fahrstil zu gewinnen. Eine Strategie, die sich schlussendlich ausgezahlt hat. Seinen R\u00fcckstand von 0,07 Sekunden egalisierte Nappi im zweiten Durchgang und fuhr mit einer Gesamtzeit von 80,87 Sekunden ungef\u00e4hrdet zum Sieg, wohingegen s\u00e4mtliche anderen Fahrer im zweiten Lauf patzten und dadurch der aus dem ersten Lauf siebtplatzierte Fahrer noch auf Rang zwei vorfahren konnte.\u00e2\u20ac\u00a8Alles in allem war es ein gelungenes Wochenende, nicht nur f\u00fcr Luca Nappi und den MSC Braach, welcher mit Felix Arend kommende Woche einen weiteren Fahrer zur deutschen Meisterschaft schickt, sondern auch f\u00fcr den ADAC Hessen-Th\u00fcringen, der 2 der insgesamt 5 Klassen beim ADAC Bundesendlauf gewinnen konnte, ein Kunstst\u00fcck, welches der angesehenen Region zuletzt 2010 gelungen ist.<\/p>\n","protected":false},"excerpt":{"rendered":"<div class=\"tmnf_excerpt\"><p>Luca Nappi, Fahrer des MSC Braach, gewinnt sensationell den ADAC Bundesendlauf in Hannover. Der geb\u00fcrtige Bad Hersfelder setzte sich souver\u00e4n gegen 51 Teilnehmer aus ganz Deutschland mit 0,50 Sekunden Vorsprung auf den Zweitplatzierten aus Weser-Ems durch. Beim j\u00e4hrlich stattfindenden ADAC Bundesendlauf treten aus insgesamt 17 Regionen Deutschlands die besten drei Teilnehmer aus jeder Region in &hellip;<\/p>\n<\/div>","protected":false},"author":1,"featured_media":156073,"comment_status":"closed","ping_status":"closed","sticky":false,"template":"","format":"standard","meta":{"footnotes":""},"categories":[1],"tags":[],"class_list":["post-156063","post","type-post","status-publish","format-standard","has-post-thumbnail","hentry","category-startseite"],"_links":{"self":[{"href":"https:\/\/www.fuldaernachrichten.de\/index.php?rest_route=\/wp\/v2\/posts\/156063","targetHints":{"allow":["GET"]}}],"collection":[{"href":"https:\/\/www.fuldaernachrichten.de\/index.php?rest_route=\/wp\/v2\/posts"}],"about":[{"href":"https:\/\/www.fuldaernachrichten.de\/index.php?rest_route=\/wp\/v2\/types\/post"}],"author":[{"embeddable":true,"href":"https:\/\/www.fuldaernachrichten.de\/index.php?rest_route=\/wp\/v2\/users\/1"}],"replies":[{"embeddable":true,"href":"https:\/\/www.fuldaernachrichten.de\/index.php?rest_route=%2Fwp%2Fv2%2Fcomments&post=156063"}],"version-history":[{"count":1,"href":"https:\/\/www.fuldaernachrichten.de\/index.php?rest_route=\/wp\/v2\/posts\/156063\/revisions"}],"predecessor-version":[{"id":156074,"href":"https:\/\/www.fuldaernachrichten.de\/index.php?rest_route=\/wp\/v2\/posts\/156063\/revisions\/156074"}],"wp:featuredmedia":[{"embeddable":true,"href":"https:\/\/www.fuldaernachrichten.de\/index.php?rest_route=\/wp\/v2\/media\/156073"}],"wp:attachment":[{"href":"https:\/\/www.fuldaernachrichten.de\/index.php?rest_route=%2Fwp%2Fv2%2Fmedia&parent=156063"}],"wp:term":[{"taxonomy":"category","embeddable":true,"href":"https:\/\/www.fuldaernachrichten.de\/index.php?rest_route=%2Fwp%2Fv2%2Fcategories&post=156063"},{"taxonomy":"post_tag","embeddable":true,"href":"https:\/\/www.fuldaernachrichten.de\/index.php?rest_route=%2Fwp%2Fv2%2Ftags&post=156063"}],"curies":[{"name":"wp","href":"https:\/\/api.w.org\/{rel}","templated":true}]}}