{"id":156049,"date":"2016-10-11T18:50:06","date_gmt":"2016-10-11T16:50:06","guid":{"rendered":"http:\/\/www.fuldaer-nachrichten.de\/?p=156049"},"modified":"2016-10-11T18:50:06","modified_gmt":"2016-10-11T16:50:06","slug":"150-wohnheimplaetze-fuer-studentinnen-und-studenten-geplant","status":"publish","type":"post","link":"https:\/\/www.fuldaernachrichten.de\/?p=156049","title":{"rendered":"150 Wohnheimpl\u00e4tze f\u00fcr Studentinnen und Studenten geplant"},"content":{"rendered":"<p>Meilenstein f\u00fcr das studentische Wohnen in Fulda: Bei einer gemeinsamen Pressekonferenz von Investorin, k\u00fcnftigem Eigent\u00fcmer und Betreiber sowie der Stadt Fulda sind heute die Pl\u00e4ne f\u00fcr ein Projekt vorgestellt worden, die ma\u00dfgeblich dazu beitragen k\u00f6nnen, dass sich die Zahl der \u00f6ffentlich gef\u00f6rderten Wohnheimpl\u00e4tze f\u00fcr Studenten in K\u00fcrze verdoppeln k\u00f6nnte. Sofern die Stadtverordneten den Pl\u00e4nen zustimmen, w\u00fcrden auf einem Grundst\u00fcck an der Graf-Spee-Stra\u00dfe\/Tannenbergstra\u00dfe bis Ende 2018 in den zwei Geb\u00e4uden \u201ePier 1\u201c und \u201ePier 2\u201c insgesamt 150 Wohnheimpl\u00e4tze f\u00fcr Studenten entstehen.<\/p>\n<p>Investorin ist die Firma Lebensart. Sie wird nach den vorliegenden Pl\u00e4nen die Geb\u00e4ude errichten und dann beide H\u00e4user an das Studentenwerk Gie\u00dfen verkaufen. Das Studentenwerk soll die Wohnheime dann betreiben.<\/p>\n<p>Bislang hat das Studentenwerk Gie\u00dfen als \u00f6ffentlich-rechtlicher Tr\u00e4ger nur ein einziges Wohnheim in Fulda im eigenen Besitz: die Wohnanlage in der Wiesenm\u00fchlestra\u00dfe. Zudem ist das Studentenwerk Mieter im ehemaligen Finanzamt am Heinrich-von-Bibra-Platz sowie in einem Teil des ehemaligen Liobaheims am Schlossgarten. Insgesamt sind das bisher 237 Wohnheimpl\u00e4tze. Doch zusammen zwei weiteren, vor Kurzem angesto\u00dfenen Projekten in der Magdeburger Stra\u00dfe und an der Ecke Leipziger Stra\u00dfe\/W\u00f6rthstra\u00dfe sowie dem jetzt vorstellten Projekt in der Tannenbergstra\u00dfe k\u00f6nnte sich die Zahl der Studentenwohnheimpl\u00e4tze in \u00f6ffentlicher Hand binnen relativ kurzer Zeit auf dann 469 fast verdoppeln. Fuldas Oberb\u00fcrgermeister Dr. Heiko Wingenfeld sprach mit Blick auf das dynamische Wachstum der Hochschule Fulda von einem \u201eganz starken Impuls\u201c f\u00fcr die Stadtentwicklung im Bereich Wohnen. Auch Ralf Stobbe, Gesch\u00e4ftsf\u00fchrer des Studentenwerks Gie\u00dfen, betonte den \u201eidealen Standort\u201c f\u00fcr das Wohnheim und die gute Kooperation mit den Partnern auf Seiten der Bauherrin und der Stadt Fulda. Christine Salomon, Gesch\u00e4ftsf\u00fchrerin von Lebensart, gab ihrer Hoffnung Ausdruck, dass \u201ePier 2\u201c (82 Pl\u00e4tze) Ende 2018 fertiggestellt sein werde. Das bereits im Bau befindliche \u201ePier 1\u201c (68 Pl\u00e4tze), das urspr\u00fcnglich f\u00fcr eine andere Nutzung vorgesehen war, wird bereits in rund vier Wochen fertiggestellt sein.<\/p>\n<p>Der Magistrat der Stadt hatte Anfang der Woche der Stadtverordnetenversammlung die Umsetzung des Gesamtprojekts empfohlen. Voraussetzung f\u00fcr den Bau von \u201ePier 2\u201c ist der Verkauf eines st\u00e4dtischen Grundst\u00fccks von rund 1000 Quadratmetern an die Bauherrin. Das Baurecht soll im Wege eines vorhabenbezogenen Bebauungsplans geschaffen werden. Das Studentenwerk Gie\u00dfen wird Eigent\u00fcmer und Betreiber der studentischen Wohnanlage und hat die Aufgabe, insbesondere sozial schwachen Studierenden g\u00fcnstigen Wohnraum zur Verf\u00fcgung zu stellen. Dass gerade auch internationale (Austausch-)Studenten der Hochschule Fulda von dem zus\u00e4tzlichen Wohnangebot profitieren sollen, freut insbesondere Hochschulpr\u00e4sident Prof. Karim Khakzar, der davon sprach, dass der Wohnungsmarkt vor allem f\u00fcr die rund 2000 Erstsemester, die in den n\u00e4chsten Wochen in Fulda ihr Studium beginnen werden, durchaus angespannt sei. Gemeinsam mit Studentenwerk-Gesch\u00e4ftsf\u00fchrer Stobbe betonte Khakzar, dass das durch die Studenten verursachte Autoverkehrsaufkommen erfahrungsgem\u00e4\u00df sehr viel geringer sein werde als bei anderen Wohnnutzungen. Architekt Andreas Staubach erl\u00e4uterte, dass beide H\u00e4user \u00fcber eine gemeinsame Zufahrt am Ende der Tannenbergstra\u00dfe erschlossen w\u00fcrden. Wie Stadtbaurat Daniel Schreiner betonte, werde die Gesamth\u00f6he des Geb\u00e4udes um eineinhalb Geschosse niedriger ausfallen als bei einem vor mehreren Jahren an dieser Stelle geplanten, aber sp\u00e4ter gescheiterten Projekt.<\/p>\n","protected":false},"excerpt":{"rendered":"<div class=\"tmnf_excerpt\"><p>Meilenstein f\u00fcr das studentische Wohnen in Fulda: Bei einer gemeinsamen Pressekonferenz von Investorin, k\u00fcnftigem Eigent\u00fcmer und Betreiber sowie der Stadt Fulda sind heute die Pl\u00e4ne f\u00fcr ein Projekt vorgestellt worden, die ma\u00dfgeblich dazu beitragen k\u00f6nnen, dass sich die Zahl der \u00f6ffentlich gef\u00f6rderten Wohnheimpl\u00e4tze f\u00fcr Studenten in K\u00fcrze verdoppeln k\u00f6nnte. Sofern die Stadtverordneten den Pl\u00e4nen zustimmen, &hellip;<\/p>\n<\/div>","protected":false},"author":1,"featured_media":156058,"comment_status":"closed","ping_status":"closed","sticky":false,"template":"","format":"standard","meta":{"footnotes":""},"categories":[1],"tags":[],"class_list":["post-156049","post","type-post","status-publish","format-standard","has-post-thumbnail","hentry","category-startseite"],"_links":{"self":[{"href":"https:\/\/www.fuldaernachrichten.de\/index.php?rest_route=\/wp\/v2\/posts\/156049","targetHints":{"allow":["GET"]}}],"collection":[{"href":"https:\/\/www.fuldaernachrichten.de\/index.php?rest_route=\/wp\/v2\/posts"}],"about":[{"href":"https:\/\/www.fuldaernachrichten.de\/index.php?rest_route=\/wp\/v2\/types\/post"}],"author":[{"embeddable":true,"href":"https:\/\/www.fuldaernachrichten.de\/index.php?rest_route=\/wp\/v2\/users\/1"}],"replies":[{"embeddable":true,"href":"https:\/\/www.fuldaernachrichten.de\/index.php?rest_route=%2Fwp%2Fv2%2Fcomments&post=156049"}],"version-history":[{"count":1,"href":"https:\/\/www.fuldaernachrichten.de\/index.php?rest_route=\/wp\/v2\/posts\/156049\/revisions"}],"predecessor-version":[{"id":156059,"href":"https:\/\/www.fuldaernachrichten.de\/index.php?rest_route=\/wp\/v2\/posts\/156049\/revisions\/156059"}],"wp:featuredmedia":[{"embeddable":true,"href":"https:\/\/www.fuldaernachrichten.de\/index.php?rest_route=\/wp\/v2\/media\/156058"}],"wp:attachment":[{"href":"https:\/\/www.fuldaernachrichten.de\/index.php?rest_route=%2Fwp%2Fv2%2Fmedia&parent=156049"}],"wp:term":[{"taxonomy":"category","embeddable":true,"href":"https:\/\/www.fuldaernachrichten.de\/index.php?rest_route=%2Fwp%2Fv2%2Fcategories&post=156049"},{"taxonomy":"post_tag","embeddable":true,"href":"https:\/\/www.fuldaernachrichten.de\/index.php?rest_route=%2Fwp%2Fv2%2Ftags&post=156049"}],"curies":[{"name":"wp","href":"https:\/\/api.w.org\/{rel}","templated":true}]}}