{"id":156044,"date":"2016-10-11T18:48:17","date_gmt":"2016-10-11T16:48:17","guid":{"rendered":"http:\/\/www.fuldaer-nachrichten.de\/?p=156044"},"modified":"2016-10-11T18:48:17","modified_gmt":"2016-10-11T16:48:17","slug":"erfolgreiche-finalqualifikation-beim-letzten-kletter-kidscup-in-marburg","status":"publish","type":"post","link":"https:\/\/www.fuldaernachrichten.de\/?p=156044","title":{"rendered":"Erfolgreiche Finalqualifikation beim letzten Kletter-KidsCup in Marburg"},"content":{"rendered":"<p>Beim letzten Kletter-KidsCup dieses Jahres am\u00c2\u00a0\u00c2\u00a0 1. Oktober in Wetzlar konnten sich die Nachwuchskletterer der DAV Sektion Fulda gleich drei Finaltickets f\u00fcr das Westdeutsche Finale in Trier sichern. Dar\u00fcber hinaus freut sich das Team am Ende der diesj\u00e4hrigen KidsCup-Serie \u00fcber zus\u00e4tzliche Platzierungen unter den besten Zehn.<\/p>\n<p>Acht Fuldaer Nachwuchskletterer gingen beim letzten KidsCup-Kletterwett-bewerb am 1. Oktober im Cube Kletterzentrum in Wetzlar an den Start. Und einmal mehr warteten drei Kletter-Routen, vier Boulderprobleme\u00c2\u00a0 und eine Speedroute darauf, von den Teilnehmern gemeistert zu werden. W\u00e4hrend bei der Jugend D die Schwierigkeit nicht passend war und &#8211; wie auch beim vorangegangenen Wettbewerb &#8211; die Speedroute entscheiden musste, galt es in den anderen Starterklassen m\u00f6glichst geschickt und fehlerfrei die W\u00e4nde zu erklimmen.<\/p>\n<p>Leo Bindernagel zeigte sich einmal mehr in Bestform bei der diesj\u00e4hrigen KidsCup-Serie: so stand er nach einer sehr guten Kletterleistung in allen Disziplinen auch in Wetzlar ganz oben auf dem Podest und schaffte es am Ende als einziger aus allen sechs Starterklassen, alle vier KidsCups zu gewinnen. Seinen Starterplatz f\u00fcr das Westdeutsche Finale in Trier am 26. November hatte er so bereits beim vorangegangenen Turnier in Marburg sicher. Zus\u00e4tzlich konnten sich Lilli Brod (6. Platz in der\u00c2\u00a0Gesamtwertung)\u00c2\u00a0und Mona Kamm (4. Platz in der Gesamtwertung)\u00c2\u00a0f\u00fcr das Finale qualifizieren. Mit einem 7. Platz in der Gesamtwertung verpasste Joela Remmert knapp den Finaleinzug. Benjamin Koch und Clemens Koch belegen in der Gesamtwertung Platz 8 und Hannes Bindernagel Platz 10.<\/p>\n<p>Die Ergebnisse im \u00dcberblick: \u00e2\u20ac\u00a8KidsCup Wetzlar &#8211; 1. Oktober 2016<\/p>\n<p>Jugend E (8-9 Jahre) w: \u00c2\u00a0\u00c2\u00a0 \u00c2\u00a0Mona Kamm (5. Platz)<br \/>\nJugend E (8-9 Jahre) m: \u00c2\u00a0\u00c2\u00a0 \u00c2\u00a0Leo Bindernagel (1. Platz)<\/p>\n<p>Jugend D (10-11 Jahre) w:\u00c2\u00a0\u00c2\u00a0 \u00c2\u00a0Julie Lena Meyer (7. Platz)<br \/>\nJugend D (10-11 Jahre) m: \u00c2\u00a0\u00c2\u00a0 \u00c2\u00a0Benjamin Koch (8. Platz); Hannes Bindernagel (9. Platz); Clemens Koch (10. Platz)<\/p>\n<p>Jugend C (12-13 Jahre) w: \u00c2\u00a0\u00c2\u00a0 \u00c2\u00a0Lilli Brod (7. Platz); Joela Remmert (10. Platz)<\/p>\n","protected":false},"excerpt":{"rendered":"<div class=\"tmnf_excerpt\"><p>Beim letzten Kletter-KidsCup dieses Jahres am\u00c2\u00a0\u00c2\u00a0 1. Oktober in Wetzlar konnten sich die Nachwuchskletterer der DAV Sektion Fulda gleich drei Finaltickets f\u00fcr das Westdeutsche Finale in Trier sichern. Dar\u00fcber hinaus freut sich das Team am Ende der diesj\u00e4hrigen KidsCup-Serie \u00fcber zus\u00e4tzliche Platzierungen unter den besten Zehn. Acht Fuldaer Nachwuchskletterer gingen beim letzten KidsCup-Kletterwett-bewerb am 1. &hellip;<\/p>\n<\/div>","protected":false},"author":1,"featured_media":156050,"comment_status":"closed","ping_status":"closed","sticky":false,"template":"","format":"standard","meta":{"footnotes":""},"categories":[1],"tags":[],"class_list":["post-156044","post","type-post","status-publish","format-standard","has-post-thumbnail","hentry","category-startseite"],"_links":{"self":[{"href":"https:\/\/www.fuldaernachrichten.de\/index.php?rest_route=\/wp\/v2\/posts\/156044","targetHints":{"allow":["GET"]}}],"collection":[{"href":"https:\/\/www.fuldaernachrichten.de\/index.php?rest_route=\/wp\/v2\/posts"}],"about":[{"href":"https:\/\/www.fuldaernachrichten.de\/index.php?rest_route=\/wp\/v2\/types\/post"}],"author":[{"embeddable":true,"href":"https:\/\/www.fuldaernachrichten.de\/index.php?rest_route=\/wp\/v2\/users\/1"}],"replies":[{"embeddable":true,"href":"https:\/\/www.fuldaernachrichten.de\/index.php?rest_route=%2Fwp%2Fv2%2Fcomments&post=156044"}],"version-history":[{"count":1,"href":"https:\/\/www.fuldaernachrichten.de\/index.php?rest_route=\/wp\/v2\/posts\/156044\/revisions"}],"predecessor-version":[{"id":156051,"href":"https:\/\/www.fuldaernachrichten.de\/index.php?rest_route=\/wp\/v2\/posts\/156044\/revisions\/156051"}],"wp:featuredmedia":[{"embeddable":true,"href":"https:\/\/www.fuldaernachrichten.de\/index.php?rest_route=\/wp\/v2\/media\/156050"}],"wp:attachment":[{"href":"https:\/\/www.fuldaernachrichten.de\/index.php?rest_route=%2Fwp%2Fv2%2Fmedia&parent=156044"}],"wp:term":[{"taxonomy":"category","embeddable":true,"href":"https:\/\/www.fuldaernachrichten.de\/index.php?rest_route=%2Fwp%2Fv2%2Fcategories&post=156044"},{"taxonomy":"post_tag","embeddable":true,"href":"https:\/\/www.fuldaernachrichten.de\/index.php?rest_route=%2Fwp%2Fv2%2Ftags&post=156044"}],"curies":[{"name":"wp","href":"https:\/\/api.w.org\/{rel}","templated":true}]}}