{"id":156041,"date":"2016-10-11T18:47:30","date_gmt":"2016-10-11T16:47:30","guid":{"rendered":"http:\/\/www.fuldaer-nachrichten.de\/?p=156041"},"modified":"2016-10-11T18:47:30","modified_gmt":"2016-10-11T16:47:30","slug":"vierter-band-der-kelta-reihe-erschienen-kelta-dhun-gharsain-die-elfenburg","status":"publish","type":"post","link":"https:\/\/www.fuldaernachrichten.de\/?p=156041","title":{"rendered":"Vierter Band der Kelta-Reihe erschienen: Kelt\u00c3\u00a2 Dhun Gharsain [die Elfenburg]"},"content":{"rendered":"<p>Im vierten Band der Romanreihe \u201eKelt\u00c3\u00a2\u201c von Yvonne Taddeo schweben nicht nur Lioba und Daniel, sondern auch Liobas Freunde und Familie in st\u00e4ndiger Gefahr. Im uralten Machtkampf zwischen den E.L.F. und den Lat\u00e8ne m\u00fcssen sich Lioba und ihre Freunden \u00fcber Recht und Gesetz hinwegsetzen, um Ariax entgegenzustehen. Doch mit dem Erwachen einer neuen Begabung wird Lioba selbst zu einer Bedrohung f\u00fcr jeden Menschen in ihrer N\u00e4he. Schlie\u00dflich sieht die junge Frau nur noch eine M\u00f6glichkeit, ihre F\u00e4higkeiten unter Kontrolle zu bekommen. Als sich ihr jedoch eine Chance auftut, die Gefahr durch die Lat\u00e8ne f\u00fcr immer auszumerzen, trifft sie eine folgenschwere Entscheidung.<\/p>\n<p>Bereits mit den ersten drei B\u00e4nden \u2013 Lubiias, Diligentir und Alveradis \u2013 verstand es Yvonne Taddeo, ihre Leser mit einer Geschichte rund um historische und sehenswerte Orte Oberhessens in ihren Bann zu ziehen. Seither begleitet eine immer gr\u00f6\u00dfer werdende Leserschaft die Protagonistin Lioba auf der Suche nach ihren keltischen Wurzeln und bangt mit ihr im Kampf gegen einen m\u00e4chtigen Widersacher, der vor nichts zur\u00fcckschreckt, um seine Ziele zu erreichen. Dass es im neuesten Abenteuer nun sogar nach Irland geht, l\u00e4sst der Titel \u201eKelt\u00c3\u00a2\u201c schon seit langem erahnen.<\/p>\n<p>Yvonne Taddeo lebt mit ihrem Ehemann und den gemeinsamen f\u00fcnf Kindern in Ortenberg. Neben der Romanreihe hat sie bereits zwei Kurzgeschichten ver\u00f6ffentlicht. Derzeit arbeitet sie am f\u00fcnften Kelt\u00c3\u00a2-Band, der den Abschluss der Saga bilden soll.<\/p>\n<p>Die Autorin stellt ihren neuen Roman Kelt\u00c3\u00a2 Dhun Gharsain am 21. Oktober um 18.00 Uhr im Hofladen Kleeblatt (Dom\u00e4ne Konradsdorf), Am Kloster 1, 63683 Ortenberg mit einer Lesung vor.<\/p>\n<p>Geschichtswerkstatt B\u00fcdingen, ISBN 978-3-939454-86-1, Softcover, 177 Seiten, 10,00 \u00e2\u201a\u00ac<\/p>\n","protected":false},"excerpt":{"rendered":"<div class=\"tmnf_excerpt\"><p>Im vierten Band der Romanreihe \u201eKelt\u00c3\u00a2\u201c von Yvonne Taddeo schweben nicht nur Lioba und Daniel, sondern auch Liobas Freunde und Familie in st\u00e4ndiger Gefahr. Im uralten Machtkampf zwischen den E.L.F. und den Lat\u00e8ne m\u00fcssen sich Lioba und ihre Freunden \u00fcber Recht und Gesetz hinwegsetzen, um Ariax entgegenzustehen. Doch mit dem Erwachen einer neuen Begabung wird &hellip;<\/p>\n<\/div>","protected":false},"author":1,"featured_media":156046,"comment_status":"closed","ping_status":"closed","sticky":false,"template":"","format":"standard","meta":{"footnotes":""},"categories":[1],"tags":[],"class_list":["post-156041","post","type-post","status-publish","format-standard","has-post-thumbnail","hentry","category-startseite"],"_links":{"self":[{"href":"https:\/\/www.fuldaernachrichten.de\/index.php?rest_route=\/wp\/v2\/posts\/156041","targetHints":{"allow":["GET"]}}],"collection":[{"href":"https:\/\/www.fuldaernachrichten.de\/index.php?rest_route=\/wp\/v2\/posts"}],"about":[{"href":"https:\/\/www.fuldaernachrichten.de\/index.php?rest_route=\/wp\/v2\/types\/post"}],"author":[{"embeddable":true,"href":"https:\/\/www.fuldaernachrichten.de\/index.php?rest_route=\/wp\/v2\/users\/1"}],"replies":[{"embeddable":true,"href":"https:\/\/www.fuldaernachrichten.de\/index.php?rest_route=%2Fwp%2Fv2%2Fcomments&post=156041"}],"version-history":[{"count":1,"href":"https:\/\/www.fuldaernachrichten.de\/index.php?rest_route=\/wp\/v2\/posts\/156041\/revisions"}],"predecessor-version":[{"id":156047,"href":"https:\/\/www.fuldaernachrichten.de\/index.php?rest_route=\/wp\/v2\/posts\/156041\/revisions\/156047"}],"wp:featuredmedia":[{"embeddable":true,"href":"https:\/\/www.fuldaernachrichten.de\/index.php?rest_route=\/wp\/v2\/media\/156046"}],"wp:attachment":[{"href":"https:\/\/www.fuldaernachrichten.de\/index.php?rest_route=%2Fwp%2Fv2%2Fmedia&parent=156041"}],"wp:term":[{"taxonomy":"category","embeddable":true,"href":"https:\/\/www.fuldaernachrichten.de\/index.php?rest_route=%2Fwp%2Fv2%2Fcategories&post=156041"},{"taxonomy":"post_tag","embeddable":true,"href":"https:\/\/www.fuldaernachrichten.de\/index.php?rest_route=%2Fwp%2Fv2%2Ftags&post=156041"}],"curies":[{"name":"wp","href":"https:\/\/api.w.org\/{rel}","templated":true}]}}