{"id":156035,"date":"2016-10-11T18:46:55","date_gmt":"2016-10-11T16:46:55","guid":{"rendered":"http:\/\/www.fuldaer-nachrichten.de\/?p=156035"},"modified":"2016-10-11T18:46:55","modified_gmt":"2016-10-11T16:46:55","slug":"qm-redaktionsgremium-uebergab-bericht-an-dioezesan-caritasdirektor-dr-markus-juch-und-caritas-aufsichtsratsvorsitzenden-msgr-elmar-gurk","status":"publish","type":"post","link":"https:\/\/www.fuldaernachrichten.de\/?p=156035","title":{"rendered":"QM-Redaktionsgremium \u00fcbergab Bericht an Di\u00f6zesan-Caritasdirektor Dr. Markus Juch und Caritas-Aufsichtsratsvorsitzenden Msgr. Elmar Gurk"},"content":{"rendered":"<p>Erg\u00e4nzend zu dem Jahresbericht 2015 des Caritasverbandes f\u00fcr die Di\u00f6zese Fulda, der bereits vor einigen Wochen erschien, legte nun der katholische Wohlfahrtsverband auch seinen Qualit\u00e4tsmanagementbericht (QM-Bericht) f\u00fcr das vergangene Gesch\u00e4ftsjahr vor. Zur offiziellen Pr\u00e4sentation waren die redaktionell verantwortlichen Mitarbeiter aus den Bereichen Altenhilfe, Behindertenhilfe- sowie Kinder- und Jugendhilfe ins Caritas-Haus am Dom gekommen, wo Di\u00f6zesan-Caritsdirektor Dr. Markus Juch und der Caritas-Aufsichtsratsvorsitzende Msgr. Elmar Gurk den Bericht entgegen nahmen.<\/p>\n<p>Der QM-Bericht ist fachlich darauf ausgerichtet darzulegen, in welcher Form in den verschiedenen Arbeitsfeldern die Qualit\u00e4tssicherung vorgenommen und mit welchen Instrumenten sie dokumentiert und nachgewiesen wird. \u201eZusammen mit unserem Jahresbericht legen wir der \u00d6ffentlichkeit damit j\u00e4hrlich umfassendes Material vor, das \u00fcber das gesamte Spektrum und die Art der Hilfst\u00e4tigkeiten sowie die hohe, gesicherte Qualit\u00e4t unserer Caritas-Arbeit Aufschluss gibt\u201c, betonte Caritasdirektor Juch nach der Begutachtung der neuen Brosch\u00fcre. \u201eDeshalb stellen wir auch den QM-Bericht zum Herunterladen online oder senden die Brosch\u00fcre auf Wunsch auch gerne postalisch zu\u201c.<\/p>\n<p>QM-Bericht und Jahresbericht 2015 findet man unter www.caritas-fulda.de\u00c2\u00a0 im Downloadcenter (Men\u00fcpunkt \u201eAktuelles\u201c anklicken). Zum kostenlosen Zusenden der Brosch\u00fcren richten Interessierte ihre Anfrage mit Postanschrift an die Pressestelle des Verbandes: Ein formloses E-Mail an oeffentlichkeitsarbeit@caritas-fulda.de gen\u00fcgt.<\/p>\n","protected":false},"excerpt":{"rendered":"<div class=\"tmnf_excerpt\"><p>Erg\u00e4nzend zu dem Jahresbericht 2015 des Caritasverbandes f\u00fcr die Di\u00f6zese Fulda, der bereits vor einigen Wochen erschien, legte nun der katholische Wohlfahrtsverband auch seinen Qualit\u00e4tsmanagementbericht (QM-Bericht) f\u00fcr das vergangene Gesch\u00e4ftsjahr vor. Zur offiziellen Pr\u00e4sentation waren die redaktionell verantwortlichen Mitarbeiter aus den Bereichen Altenhilfe, Behindertenhilfe- sowie Kinder- und Jugendhilfe ins Caritas-Haus am Dom gekommen, wo Di\u00f6zesan-Caritsdirektor &hellip;<\/p>\n<\/div>","protected":false},"author":1,"featured_media":156042,"comment_status":"closed","ping_status":"closed","sticky":false,"template":"","format":"standard","meta":{"footnotes":""},"categories":[1],"tags":[],"class_list":["post-156035","post","type-post","status-publish","format-standard","has-post-thumbnail","hentry","category-startseite"],"_links":{"self":[{"href":"https:\/\/www.fuldaernachrichten.de\/index.php?rest_route=\/wp\/v2\/posts\/156035","targetHints":{"allow":["GET"]}}],"collection":[{"href":"https:\/\/www.fuldaernachrichten.de\/index.php?rest_route=\/wp\/v2\/posts"}],"about":[{"href":"https:\/\/www.fuldaernachrichten.de\/index.php?rest_route=\/wp\/v2\/types\/post"}],"author":[{"embeddable":true,"href":"https:\/\/www.fuldaernachrichten.de\/index.php?rest_route=\/wp\/v2\/users\/1"}],"replies":[{"embeddable":true,"href":"https:\/\/www.fuldaernachrichten.de\/index.php?rest_route=%2Fwp%2Fv2%2Fcomments&post=156035"}],"version-history":[{"count":1,"href":"https:\/\/www.fuldaernachrichten.de\/index.php?rest_route=\/wp\/v2\/posts\/156035\/revisions"}],"predecessor-version":[{"id":156043,"href":"https:\/\/www.fuldaernachrichten.de\/index.php?rest_route=\/wp\/v2\/posts\/156035\/revisions\/156043"}],"wp:featuredmedia":[{"embeddable":true,"href":"https:\/\/www.fuldaernachrichten.de\/index.php?rest_route=\/wp\/v2\/media\/156042"}],"wp:attachment":[{"href":"https:\/\/www.fuldaernachrichten.de\/index.php?rest_route=%2Fwp%2Fv2%2Fmedia&parent=156035"}],"wp:term":[{"taxonomy":"category","embeddable":true,"href":"https:\/\/www.fuldaernachrichten.de\/index.php?rest_route=%2Fwp%2Fv2%2Fcategories&post=156035"},{"taxonomy":"post_tag","embeddable":true,"href":"https:\/\/www.fuldaernachrichten.de\/index.php?rest_route=%2Fwp%2Fv2%2Ftags&post=156035"}],"curies":[{"name":"wp","href":"https:\/\/api.w.org\/{rel}","templated":true}]}}