{"id":156032,"date":"2016-10-11T18:46:09","date_gmt":"2016-10-11T16:46:09","guid":{"rendered":"http:\/\/www.fuldaer-nachrichten.de\/?p=156032"},"modified":"2016-10-11T18:46:09","modified_gmt":"2016-10-11T16:46:09","slug":"verabschiedung-von-harald-wiegand-als-zweigstellenleiter-der-vhs-in-homberg-ohm","status":"publish","type":"post","link":"https:\/\/www.fuldaernachrichten.de\/?p=156032","title":{"rendered":"Verabschiedung von Harald Wiegand als Zweigstellenleiter der vhs in Homberg (Ohm)"},"content":{"rendered":"<p>Anl\u00e4sslich der diesj\u00e4hrigen Zweigstellenleiterversammlung in Feldatal-Ermenrod wurde nach 14-j\u00e4hriger T\u00e4tigkeit f\u00fcr die Volkshochschule in der Zweigstelle Homberg (Ohm) Harald Wiegand als Zweigstellenleiter verabschiedet. Der neue vhs-Dezernent Herr Dr. Jens\u00c2\u00a0 Mischak und die vhs-Leiterin Monika Schenker bedankten sich bei Harald Wiegand f\u00fcr die engagierte und zuverl\u00e4ssige langj\u00e4hrige Mitarbeit. Herr Wiegand ist weiterhin hauptberuflich als Schulhausmeister an der Ohmtalschule in Homberg (Ohm) t\u00e4tig.<\/p>\n<p>Als neuer Zweigstellenleiter und Ansprechpartner vor Ort fungiert seit 01.07.2016 Harald Thei\u00df. Er freut sich auf Anfragen und Vorschl\u00e4ge aus der Homberger Bev\u00f6lkerung rund um das vhs-Kursprogramm.<\/p>\n<p>In der j\u00e4hrlich stattfindenden\u00c2\u00a0 Zweigstellenleiterversammlung findet ein intensiver\u00c2\u00a0 Informationsaustausch zwischen der vhs-Gesch\u00e4ftsstelle und den Zweigstellenleitungen statt. Erstmalig war auch Dr. Mischak als neuer Dezernent der vhs bei dieser Versammlung mit dabei.<br \/>\nDr. Mischak dankte allen anwesenden Zweigstellenleitungen f\u00fcr die geleistete Arbeit im vergangenen Jahr. Nur mit ihrer tatkr\u00e4ftigen Unterst\u00fctzung sei das Angebot in der gesamten Fl\u00e4che des Vogelsbergkreises \u00fcberhaupt m\u00f6glich. Etwa ein Drittel der Kurse kann so b\u00fcrger- und wohnortnah in den Zweigstellen stattfinden.<\/p>\n","protected":false},"excerpt":{"rendered":"<div class=\"tmnf_excerpt\"><p>Anl\u00e4sslich der diesj\u00e4hrigen Zweigstellenleiterversammlung in Feldatal-Ermenrod wurde nach 14-j\u00e4hriger T\u00e4tigkeit f\u00fcr die Volkshochschule in der Zweigstelle Homberg (Ohm) Harald Wiegand als Zweigstellenleiter verabschiedet. Der neue vhs-Dezernent Herr Dr. Jens\u00c2\u00a0 Mischak und die vhs-Leiterin Monika Schenker bedankten sich bei Harald Wiegand f\u00fcr die engagierte und zuverl\u00e4ssige langj\u00e4hrige Mitarbeit. Herr Wiegand ist weiterhin hauptberuflich als Schulhausmeister an &hellip;<\/p>\n<\/div>","protected":false},"author":1,"featured_media":156038,"comment_status":"closed","ping_status":"closed","sticky":false,"template":"","format":"standard","meta":{"footnotes":""},"categories":[1],"tags":[],"class_list":["post-156032","post","type-post","status-publish","format-standard","has-post-thumbnail","hentry","category-startseite"],"_links":{"self":[{"href":"https:\/\/www.fuldaernachrichten.de\/index.php?rest_route=\/wp\/v2\/posts\/156032","targetHints":{"allow":["GET"]}}],"collection":[{"href":"https:\/\/www.fuldaernachrichten.de\/index.php?rest_route=\/wp\/v2\/posts"}],"about":[{"href":"https:\/\/www.fuldaernachrichten.de\/index.php?rest_route=\/wp\/v2\/types\/post"}],"author":[{"embeddable":true,"href":"https:\/\/www.fuldaernachrichten.de\/index.php?rest_route=\/wp\/v2\/users\/1"}],"replies":[{"embeddable":true,"href":"https:\/\/www.fuldaernachrichten.de\/index.php?rest_route=%2Fwp%2Fv2%2Fcomments&post=156032"}],"version-history":[{"count":1,"href":"https:\/\/www.fuldaernachrichten.de\/index.php?rest_route=\/wp\/v2\/posts\/156032\/revisions"}],"predecessor-version":[{"id":156039,"href":"https:\/\/www.fuldaernachrichten.de\/index.php?rest_route=\/wp\/v2\/posts\/156032\/revisions\/156039"}],"wp:featuredmedia":[{"embeddable":true,"href":"https:\/\/www.fuldaernachrichten.de\/index.php?rest_route=\/wp\/v2\/media\/156038"}],"wp:attachment":[{"href":"https:\/\/www.fuldaernachrichten.de\/index.php?rest_route=%2Fwp%2Fv2%2Fmedia&parent=156032"}],"wp:term":[{"taxonomy":"category","embeddable":true,"href":"https:\/\/www.fuldaernachrichten.de\/index.php?rest_route=%2Fwp%2Fv2%2Fcategories&post=156032"},{"taxonomy":"post_tag","embeddable":true,"href":"https:\/\/www.fuldaernachrichten.de\/index.php?rest_route=%2Fwp%2Fv2%2Ftags&post=156032"}],"curies":[{"name":"wp","href":"https:\/\/api.w.org\/{rel}","templated":true}]}}