{"id":156027,"date":"2016-10-11T18:45:08","date_gmt":"2016-10-11T16:45:08","guid":{"rendered":"http:\/\/www.fuldaer-nachrichten.de\/?p=156027"},"modified":"2016-10-11T18:45:08","modified_gmt":"2016-10-11T16:45:08","slug":"kursangebot-seniorinnen-im-gespraech-begleiten-diakonie-und-dekanat-vermitteln-ruestzeug-fuer-ehrenamtliche","status":"publish","type":"post","link":"https:\/\/www.fuldaernachrichten.de\/?p=156027","title":{"rendered":"Kursangebot \u201eSenior(inn)en im Gespr\u00e4ch begleiten\u201c Diakonie und Dekanat vermitteln R\u00fcstzeug f\u00fcr Ehrenamtliche"},"content":{"rendered":"<p>\u201eWer alte Menschen zu Hause, in Alteneinrichtungen oder auch im Krankenhaus besuchen m\u00f6chte, ihnen Gesellschaft leisten und Gespr\u00e4che f\u00fchren will, kann gelegentlich an seine Grenzen sto\u00dfen\u201c, haben Bianca Reith (Diakonie) und Anke G\u00f6ltenboth (Ev. Dekanat) festgestellt. Oft tauchen Fragen auf: Wie gehe ich mit bestimmten Situationen um? Wenn jemand trauert? Oder an Demenz erkrankt ist? Was braucht es, damit Kommunikation gelingen kann? Deshalb haben sie sich dazu entschlossen, allen Ehrenamtlern und solchen, die es werden wollen, mit einem Kursangebot entsprechendes R\u00fcstzeug an die Hand zu geben.<\/p>\n<p>Ihr Angebot umfasst neun Abende und einen Besuch in einer Altenhilfeeinrichtung. \u201eWir m\u00f6chten, dass sich die Kursteilnehmer \u00fcber die Kurszeit hinweg kennenlernen und m\u00f6glichst auch danach in Kontakt bleiben\u201c, erkl\u00e4ren die Dozentinnen, \u201edeshalb bieten wir die Treffen gemeindebezogen an.\u201c Der erste Kurs startet in Schlitz und endet im M\u00e4rz mit einer Zertifizierung. Inhalte sind die eigene Motivation und das Thema \u201eEhrenamt leben ohne auszubrennen\u201c, die Auseinandersetzung mit der Lebensphase Alter, respektvolle Haltung im Umgang mit den Menschen, das biografische Erz\u00e4hlen unterst\u00fctzen. Aber auch das Thema Spiritualit\u00e4t im Alter, der Umgang mit Trauer, Demenz und Einsamkeit sowie das wichtige Abgrenzen im Gespr\u00e4ch und in der Begleitung geh\u00f6ren zum Kursinhalt. \u201eMenschen, die ehrenamtlich arbeiten, k\u00f6nnen kein Ersatz f\u00fcr nicht mehr greifbare Familienmitglieder sein\u201c, sind sich die Fachfrauen einig, \u201edennoch kann ehrenamtliche Begleitung etwas f\u00fcr beide Seiten sehr Kostbares sein und die besuchten Senior(inn)en ein St\u00fcck weit vor Vereinsamung bewahren.\u201c Sie m\u00f6chten mit dem Angebot helfen bei den ersten Schritten ins Ehrenamt oder auch bei der Weiterentwicklung eines bisherigen Engagements.<\/p>\n<p>Die Kreisseniorenbeauftragte Rosemarie M\u00fcller wird das Kursangebot im Kreisseniorenbeirat und im n\u00e4chsten Handlungsfeldtreffen des Familienb\u00fcndnisses vorstellen. Anmeldungen zum Kurs in Schlitz sind noch m\u00f6glich beim Diakonischen Werk Vogelsberg unter Telefon 06641 646690.<\/p>\n","protected":false},"excerpt":{"rendered":"<div class=\"tmnf_excerpt\"><p>\u201eWer alte Menschen zu Hause, in Alteneinrichtungen oder auch im Krankenhaus besuchen m\u00f6chte, ihnen Gesellschaft leisten und Gespr\u00e4che f\u00fchren will, kann gelegentlich an seine Grenzen sto\u00dfen\u201c, haben Bianca Reith (Diakonie) und Anke G\u00f6ltenboth (Ev. Dekanat) festgestellt. Oft tauchen Fragen auf: Wie gehe ich mit bestimmten Situationen um? Wenn jemand trauert? Oder an Demenz erkrankt ist? &hellip;<\/p>\n<\/div>","protected":false},"author":1,"featured_media":156033,"comment_status":"closed","ping_status":"closed","sticky":false,"template":"","format":"standard","meta":{"footnotes":""},"categories":[1],"tags":[],"class_list":["post-156027","post","type-post","status-publish","format-standard","has-post-thumbnail","hentry","category-startseite"],"_links":{"self":[{"href":"https:\/\/www.fuldaernachrichten.de\/index.php?rest_route=\/wp\/v2\/posts\/156027","targetHints":{"allow":["GET"]}}],"collection":[{"href":"https:\/\/www.fuldaernachrichten.de\/index.php?rest_route=\/wp\/v2\/posts"}],"about":[{"href":"https:\/\/www.fuldaernachrichten.de\/index.php?rest_route=\/wp\/v2\/types\/post"}],"author":[{"embeddable":true,"href":"https:\/\/www.fuldaernachrichten.de\/index.php?rest_route=\/wp\/v2\/users\/1"}],"replies":[{"embeddable":true,"href":"https:\/\/www.fuldaernachrichten.de\/index.php?rest_route=%2Fwp%2Fv2%2Fcomments&post=156027"}],"version-history":[{"count":1,"href":"https:\/\/www.fuldaernachrichten.de\/index.php?rest_route=\/wp\/v2\/posts\/156027\/revisions"}],"predecessor-version":[{"id":156034,"href":"https:\/\/www.fuldaernachrichten.de\/index.php?rest_route=\/wp\/v2\/posts\/156027\/revisions\/156034"}],"wp:featuredmedia":[{"embeddable":true,"href":"https:\/\/www.fuldaernachrichten.de\/index.php?rest_route=\/wp\/v2\/media\/156033"}],"wp:attachment":[{"href":"https:\/\/www.fuldaernachrichten.de\/index.php?rest_route=%2Fwp%2Fv2%2Fmedia&parent=156027"}],"wp:term":[{"taxonomy":"category","embeddable":true,"href":"https:\/\/www.fuldaernachrichten.de\/index.php?rest_route=%2Fwp%2Fv2%2Fcategories&post=156027"},{"taxonomy":"post_tag","embeddable":true,"href":"https:\/\/www.fuldaernachrichten.de\/index.php?rest_route=%2Fwp%2Fv2%2Ftags&post=156027"}],"curies":[{"name":"wp","href":"https:\/\/api.w.org\/{rel}","templated":true}]}}