{"id":156025,"date":"2016-10-11T18:31:42","date_gmt":"2016-10-11T16:31:42","guid":{"rendered":"http:\/\/www.fuldaer-nachrichten.de\/?p=156025"},"modified":"2016-10-11T18:31:42","modified_gmt":"2016-10-11T16:31:42","slug":"sportabzeichenwettbewerb-erstmalig-evangelische-kreuzkirche-mit-dabei-knapp-20-sportler-werden-geehrt","status":"publish","type":"post","link":"https:\/\/www.fuldaernachrichten.de\/?p=156025","title":{"rendered":"Sportabzeichenwettbewerb \u2013 Erstmalig Evangelische Kreuzkirche mit dabei Knapp 20 Sportler werden geehrt"},"content":{"rendered":"<p>Seit gut zehn Jahren l\u00e4uft die Evangelische Kreuzkirchengemeinde Fulda. Buchst\u00e4blich. In ihrem Lauftreff. Jetzt haben 20 Mitglieder des Lauftreffs das Deutsche Sportabzeichen abgelegt. Neu: Erstmals tritt eine Kirchengemeinde im Team-Wettbewerb an.<\/p>\n<p>Alles begann durch die Idee von Pfarrer Stefan B\u00fcrger, der in 2005 Marathon gelaufen ist und seit Jahren rund um seine Kirchengemeinde in Fulda-Neuenberg, derzeit bis zur Halbmarathon-Distanz, unterwegs ist. Seit einiger Zeit absolviert er auch die Pr\u00fcfungen f\u00fcr das Deutsche Sportabzeichen. Warum nicht auch die Kirchengemeinde daf\u00fcr begeistern, dachte er sich. \u201eOhne unseren Kirchenvorstand und Lauftrainer Hartmut Ruppenthal w\u00e4re das Ganze nicht m\u00f6glich gewesen. Sein Einsatz, seine Kompetenz und Sportlichkeit hat die Mitglieder des Lauftreffs auch f\u00fcrs Sportabzeichen motiviert\u201c, sagt der Pfarrer. Ruppenthal ist selbst Pr\u00fcfer f\u00fcr das Sportabzeichen und bot kurzerhand Extratermine im Stadion in Fulda an. \u201eEs war immer alles sehr unterhaltsam. Jede Teilnehmerin, jeder Teilnehmer wurde angefeuert. Wir erlebten eine Gemeinschaft, wie sie Sport und Kirche gemeinsam haben\u201c, erz\u00e4hlt der sportliche 67-j\u00e4hrige Ruppenthal.<\/p>\n<p>Beim Deutschen Sportabzeichen-Wettbewerb gibt es neben der Einzelwertung auch eine Teamwertung bzw. einen Institutionenwettbewerb. Dass sich hier eine Kirchengemeinde sportlich engagiert, ist neu. Mit etwas Gl\u00fcck kann die Kreuzkirche im Fr\u00fchjahr 2017 einen H\u00fcttenabend auf der Enzianh\u00fctte gewinnen. Das h\u00e4tten sich die sportlichen Mitglieder des Lauftreffs verdient.<\/p>\n","protected":false},"excerpt":{"rendered":"<div class=\"tmnf_excerpt\"><p>Seit gut zehn Jahren l\u00e4uft die Evangelische Kreuzkirchengemeinde Fulda. Buchst\u00e4blich. In ihrem Lauftreff. Jetzt haben 20 Mitglieder des Lauftreffs das Deutsche Sportabzeichen abgelegt. Neu: Erstmals tritt eine Kirchengemeinde im Team-Wettbewerb an. Alles begann durch die Idee von Pfarrer Stefan B\u00fcrger, der in 2005 Marathon gelaufen ist und seit Jahren rund um seine Kirchengemeinde in Fulda-Neuenberg, &hellip;<\/p>\n<\/div>","protected":false},"author":1,"featured_media":0,"comment_status":"closed","ping_status":"closed","sticky":false,"template":"","format":"standard","meta":{"footnotes":""},"categories":[1],"tags":[],"class_list":["post-156025","post","type-post","status-publish","format-standard","hentry","category-startseite"],"_links":{"self":[{"href":"https:\/\/www.fuldaernachrichten.de\/index.php?rest_route=\/wp\/v2\/posts\/156025","targetHints":{"allow":["GET"]}}],"collection":[{"href":"https:\/\/www.fuldaernachrichten.de\/index.php?rest_route=\/wp\/v2\/posts"}],"about":[{"href":"https:\/\/www.fuldaernachrichten.de\/index.php?rest_route=\/wp\/v2\/types\/post"}],"author":[{"embeddable":true,"href":"https:\/\/www.fuldaernachrichten.de\/index.php?rest_route=\/wp\/v2\/users\/1"}],"replies":[{"embeddable":true,"href":"https:\/\/www.fuldaernachrichten.de\/index.php?rest_route=%2Fwp%2Fv2%2Fcomments&post=156025"}],"version-history":[{"count":1,"href":"https:\/\/www.fuldaernachrichten.de\/index.php?rest_route=\/wp\/v2\/posts\/156025\/revisions"}],"predecessor-version":[{"id":156030,"href":"https:\/\/www.fuldaernachrichten.de\/index.php?rest_route=\/wp\/v2\/posts\/156025\/revisions\/156030"}],"wp:attachment":[{"href":"https:\/\/www.fuldaernachrichten.de\/index.php?rest_route=%2Fwp%2Fv2%2Fmedia&parent=156025"}],"wp:term":[{"taxonomy":"category","embeddable":true,"href":"https:\/\/www.fuldaernachrichten.de\/index.php?rest_route=%2Fwp%2Fv2%2Fcategories&post=156025"},{"taxonomy":"post_tag","embeddable":true,"href":"https:\/\/www.fuldaernachrichten.de\/index.php?rest_route=%2Fwp%2Fv2%2Ftags&post=156025"}],"curies":[{"name":"wp","href":"https:\/\/api.w.org\/{rel}","templated":true}]}}