{"id":156024,"date":"2016-10-11T18:31:31","date_gmt":"2016-10-11T16:31:31","guid":{"rendered":"http:\/\/www.fuldaer-nachrichten.de\/?p=156024"},"modified":"2016-10-11T18:31:31","modified_gmt":"2016-10-11T16:31:31","slug":"suedlink-birgit-koempel-und-sabine-waschke-trafen-sich-mit-buergermeistern-und-bi-vertretern","status":"publish","type":"post","link":"https:\/\/www.fuldaernachrichten.de\/?p=156024","title":{"rendered":"Suedlink: Birgit K\u00f6mpel und Sabine Waschke trafen sich                     mit B\u00fcrgermeistern und BI-Vertretern"},"content":{"rendered":"<p>SPD-Abgeordneten Birgit K\u00f6mpel (Bundestag) und Sabine Waschke (Landtag) zum Gespr\u00e4ch. B\u00fcrgermeister, deren Kommune von einem m\u00f6glichen Trassenverlauf betroffen w\u00e4re, nahmen die Einladung ebenso dankend an wie Vertreter\/innen der B\u00fcrgerinitiativen. Am Gespr\u00e4ch beteiligt waren: Maria Quanz, Guntram Ziepel, Hubert Schulte (Bundesverband der B\u00fcrgerinitiativen gegen Suedlink), Martin M\u00fcller (B\u00fcrgerinitiative Kalbach gegen Suedlink) sowie die parteilosen B\u00fcrgermeister Dieter Kolb (Eichenzell), Timo Zentgraf (K\u00fcnzell), Hermann-Josef Scheich (Eiterfeld), Florian H\u00f6lzer (Kalbach) und Simon Sauerbier (Burghaun).<\/p>\n<p>Suedlink soll Strom von Wilster (Schleswig-Holstein) nach Grafenrheinfeld (Bayern) transportieren. Urspr\u00fcnglich sollte der Strom durch Freileitungen flie\u00dfen, nun aber hat der Bundestag die unterirdische Variante per Erdkabel beschlossen. \u201eDie SPD hatte es als Erste gefordert, dass die Leitung unter der Erde verlegt wird\u201c, sagte Sabine Waschke bei der Begr\u00fc\u00dfung der G\u00e4ste.<\/p>\n<p>Eine der Trassenvarianten sieht den Verlauf durch den Kreis Fulda vor. \u201eAber bislang sind keine Projekte wie die Bahnstrecke Fulda-Frankfurt bei den Planungen ber\u00fccksichtigt\u201c, sagt K\u00f6mpel: \u201eViel mehr als vor zwei Jahren wissen wir auch noch nicht.\u201c<\/p>\n<p>Eine weitere Variante f\u00fchrt durch Th\u00fcringen. Dazu K\u00fcnzells B\u00fcrgermeister Timo Zentgraf: \u201eWir sind nat\u00fcrlich sehr f\u00fcr die Th\u00fcringen-Variante. Unter anderem auch deshalb, weil es in den drei Kommunen der Stadtregion ganz einfach zu eng ist. Ich wei\u00df nicht, wie das gehen soll.\u201c Eiterfelds B\u00fcrgermeister Hermann-Josef Scheich forderte, dass die geplante 380-KV-Trasse von Mecklar nach Urberach gleich mit unter der Erde verlegt wird.<\/p>\n<p>Burghauns Gemeindechef Simon Sauerbier forderte eine Planung mit Weitblick: \u201eSuedlink wird bei der Ausweisung von Baugebieten in der Zukunft eine Rolle spielen. Schlie\u00dflich kann die Trasse 80 Jahre und noch l\u00e4nger bestehen.\u201c<\/p>\n<p>Guntram Ziepel stellte die komplette Trasse in Frage und forderte stattdessen eine konkrete Planung, wie der Strom gespeichert werden k\u00f6nne. Wie auch alle B\u00fcrgermeister machten die BI-Vertreter deutlich, dass sie f\u00fcr die Energiewende sind, sich aber ein anderes Vorgehen w\u00fcnschen.<\/p>\n<p>Das Treffen zwischen B\u00fcrgermeistern, BI-Vertretern und den beiden Politikerinnen soll schon bald wiederholt werden. Als wichtigstes Ergebnis des ersten Treffens wurde eine enge Kooperation zwischen allen Beteiligten vereinbart. Birgit K\u00f6mpel und Sabine Waschke abschlie\u00dfend: \u201eWir m\u00fcssen unsere Erfahrungen austauschen und unsere Kr\u00e4fte b\u00fcndeln. Dann finden wir auch gute L\u00f6sungen.\u201c<\/p>\n","protected":false},"excerpt":{"rendered":"<div class=\"tmnf_excerpt\"><p>SPD-Abgeordneten Birgit K\u00f6mpel (Bundestag) und Sabine Waschke (Landtag) zum Gespr\u00e4ch. B\u00fcrgermeister, deren Kommune von einem m\u00f6glichen Trassenverlauf betroffen w\u00e4re, nahmen die Einladung ebenso dankend an wie Vertreter\/innen der B\u00fcrgerinitiativen. Am Gespr\u00e4ch beteiligt waren: Maria Quanz, Guntram Ziepel, Hubert Schulte (Bundesverband der B\u00fcrgerinitiativen gegen Suedlink), Martin M\u00fcller (B\u00fcrgerinitiative Kalbach gegen Suedlink) sowie die parteilosen B\u00fcrgermeister Dieter &hellip;<\/p>\n<\/div>","protected":false},"author":1,"featured_media":156028,"comment_status":"closed","ping_status":"closed","sticky":false,"template":"","format":"standard","meta":{"footnotes":""},"categories":[1],"tags":[],"class_list":["post-156024","post","type-post","status-publish","format-standard","has-post-thumbnail","hentry","category-startseite"],"_links":{"self":[{"href":"https:\/\/www.fuldaernachrichten.de\/index.php?rest_route=\/wp\/v2\/posts\/156024","targetHints":{"allow":["GET"]}}],"collection":[{"href":"https:\/\/www.fuldaernachrichten.de\/index.php?rest_route=\/wp\/v2\/posts"}],"about":[{"href":"https:\/\/www.fuldaernachrichten.de\/index.php?rest_route=\/wp\/v2\/types\/post"}],"author":[{"embeddable":true,"href":"https:\/\/www.fuldaernachrichten.de\/index.php?rest_route=\/wp\/v2\/users\/1"}],"replies":[{"embeddable":true,"href":"https:\/\/www.fuldaernachrichten.de\/index.php?rest_route=%2Fwp%2Fv2%2Fcomments&post=156024"}],"version-history":[{"count":1,"href":"https:\/\/www.fuldaernachrichten.de\/index.php?rest_route=\/wp\/v2\/posts\/156024\/revisions"}],"predecessor-version":[{"id":156029,"href":"https:\/\/www.fuldaernachrichten.de\/index.php?rest_route=\/wp\/v2\/posts\/156024\/revisions\/156029"}],"wp:featuredmedia":[{"embeddable":true,"href":"https:\/\/www.fuldaernachrichten.de\/index.php?rest_route=\/wp\/v2\/media\/156028"}],"wp:attachment":[{"href":"https:\/\/www.fuldaernachrichten.de\/index.php?rest_route=%2Fwp%2Fv2%2Fmedia&parent=156024"}],"wp:term":[{"taxonomy":"category","embeddable":true,"href":"https:\/\/www.fuldaernachrichten.de\/index.php?rest_route=%2Fwp%2Fv2%2Fcategories&post=156024"},{"taxonomy":"post_tag","embeddable":true,"href":"https:\/\/www.fuldaernachrichten.de\/index.php?rest_route=%2Fwp%2Fv2%2Ftags&post=156024"}],"curies":[{"name":"wp","href":"https:\/\/api.w.org\/{rel}","templated":true}]}}