{"id":156018,"date":"2016-10-11T18:30:38","date_gmt":"2016-10-11T16:30:38","guid":{"rendered":"http:\/\/www.fuldaer-nachrichten.de\/?p=156018"},"modified":"2016-10-11T18:30:38","modified_gmt":"2016-10-11T16:30:38","slug":"jugenddezernent-dr-mischak-erstmals-in-der-steuerungsgruppe-des-familienbuendnisses-mit-dabei","status":"publish","type":"post","link":"https:\/\/www.fuldaernachrichten.de\/?p=156018","title":{"rendered":"Jugenddezernent Dr. Mischak erstmals in der Steuerungsgruppe des Familienb\u00fcndnisses mit dabei"},"content":{"rendered":"<p>2000 B\u00fcrgerinnen und B\u00fcrger in s\u00e4mtlichen 19 St\u00e4dten und Gemeinden des Landkreises haben sich in den vergangenen sechs Jahren f\u00fcr die \u201eSamstage gegen das Vergessen\u201c interessiert, in denen zum Thema Demenz informiert und aufgekl\u00e4rt wurde. Landrat Manfred G\u00f6rig und Erster Kreisbeigeordneter Dr. Jens Mischak zeigten sich von dieser \u201esehr wirksamen \u00d6ffentlichkeitsarbeit\u201c des Vogelsberger Familienb\u00fcndnisses beeindruckt. In der Tagung der Steuerungsgruppe des B\u00fcndnisses konnte dessen Sprecher Hans-Dieter Herget auf eine Vielzahl von weiteren Aktivit\u00e4ten in allen acht Handlungsfeldern verweisen.<\/p>\n<p>Die Anregung von Landrat G\u00f6rig, bei der Fortsetzung der genannten Veranstaltungsserie das wichtige Thema Demenz um weitere Aspekte aus dem Bereich der Pflege \u2013 einschlie\u00dflich der Information \u00fcber das neue Pflegegesetz \u2013 im Allgemeinen zu erg\u00e4nzen, fand die Zustimmung der Handlungsfeldsprecher. In einer Arbeitsgruppe des Handlungsfeldes \u201eGesundheit und Pflege\u201c werden dazu demn\u00e4chst konkrete Schritte geplant. In einem Workshop in wenigen Wochen wird das B\u00fcndnis weitere Schwerpunkte der k\u00fcnftigen Arbeit festlegen.<\/p>\n<p>Im Handlungsfeld \u201eVereinbarkeit von Familie und Beruf\u201c k\u00fcndigte Sprecherin Andrea Ortstadt an, \u00fcber familienfreundliche Unternehmen hinaus auch die Familienfreundlichkeit in den Kommunen st\u00e4rker zu w\u00fcrdigen, beispielsweise beim Thema \u201eprima \u00d6ffnungszeiten von Kinderg\u00e4rten im Interesse der Tagesplanung von Eltern\u201c. Dieser Vorschlag kam von Ren\u00e9 Lippert, dem Leiter des Kommunalen Jobcenters KVA.<\/p>\n<p>Kreisbeigeordnete Magdalena Pitzer ist Sprecherin des Handlungsfelds \u201eGewaltpr\u00e4vention\u201c. Sie berichtete von Aktivit\u00e4ten am internationalen Gewaltschutztag, einer Aktion von Terre des Femmes sowie von Auff\u00fchrungen des Pr\u00e4ventions-Theaters Mathom f\u00fcr Kinder in 16 Kindertagesst\u00e4tten und sieben Kommunen.<\/p>\n<p>Hans-Ulrich Merle berichtete aus dem Handlungsfeld \u201eMigration und Integration\u201c, dass das Familienb\u00fcndnis bei der Vernetzung der kreisweit fast 1000 ehrenamtlichen Helferinnen und Helfer durch den sogenannten \u201eRunden Tisch der Runden Tische\u201c sehr hilfreich sei. Landrat G\u00f6rig lobte diese Vernetzungsfunktion ausdr\u00fccklich.<\/p>\n<p>Das Handlungsfeld \u201eErziehungsverantwortung st\u00e4rken\u201c will bestehende Unterst\u00fctzungs- und Hilfsangebote in den Regionen f\u00fcr Eltern mit Kindern besser zug\u00e4nglich machen. Das Thema Gesundheit und Pflege im Familienb\u00fcndnis zeigt sich unter anderem durch zwei in dieser Art hessenweit einzigartige Brosch\u00fcren mit dem Titel \u201eGutes Leben mit Demenz\u201c und \u201eWege in die Pflegeausbildung\u201c, deren Layout von Gabriele Richter, der stellvertretenden Pressesprecherin, gestaltet wurde.<\/p>\n<p>Erich Ruhl-Bady k\u00fcndigte f\u00fcr das Handlungsfeld \u201eInformation und Kommunikation\u201c an, dass es in K\u00fcrze eine neugestaltete Website des Familienb\u00fcndnisses geben werde. Zum \u201eAlltagsgesch\u00e4ft\u201c geh\u00f6rten neben der Homepage auch der Newsletter und die Redaktion der B\u00fcndnis-Doppelseite in der Verlagsbeilage \u201eVital im Leben\u201c, die etwa alle drei Monate an alle Haushalte geliefert werde.<\/p>\n<p>Informationen zum Familienb\u00fcndnis gibt es unter \u201evogelsberg-familienfreundlich.de\u201c und \u00fcber das Koordinationsb\u00fcro in der Kreisverwaltung, Sandra Obenhack, Telefon 06641\/977-3404.<\/p>\n","protected":false},"excerpt":{"rendered":"<div class=\"tmnf_excerpt\"><p>2000 B\u00fcrgerinnen und B\u00fcrger in s\u00e4mtlichen 19 St\u00e4dten und Gemeinden des Landkreises haben sich in den vergangenen sechs Jahren f\u00fcr die \u201eSamstage gegen das Vergessen\u201c interessiert, in denen zum Thema Demenz informiert und aufgekl\u00e4rt wurde. Landrat Manfred G\u00f6rig und Erster Kreisbeigeordneter Dr. Jens Mischak zeigten sich von dieser \u201esehr wirksamen \u00d6ffentlichkeitsarbeit\u201c des Vogelsberger Familienb\u00fcndnisses beeindruckt. &hellip;<\/p>\n<\/div>","protected":false},"author":1,"featured_media":156022,"comment_status":"closed","ping_status":"closed","sticky":false,"template":"","format":"standard","meta":{"footnotes":""},"categories":[1],"tags":[],"class_list":["post-156018","post","type-post","status-publish","format-standard","has-post-thumbnail","hentry","category-startseite"],"_links":{"self":[{"href":"https:\/\/www.fuldaernachrichten.de\/index.php?rest_route=\/wp\/v2\/posts\/156018","targetHints":{"allow":["GET"]}}],"collection":[{"href":"https:\/\/www.fuldaernachrichten.de\/index.php?rest_route=\/wp\/v2\/posts"}],"about":[{"href":"https:\/\/www.fuldaernachrichten.de\/index.php?rest_route=\/wp\/v2\/types\/post"}],"author":[{"embeddable":true,"href":"https:\/\/www.fuldaernachrichten.de\/index.php?rest_route=\/wp\/v2\/users\/1"}],"replies":[{"embeddable":true,"href":"https:\/\/www.fuldaernachrichten.de\/index.php?rest_route=%2Fwp%2Fv2%2Fcomments&post=156018"}],"version-history":[{"count":1,"href":"https:\/\/www.fuldaernachrichten.de\/index.php?rest_route=\/wp\/v2\/posts\/156018\/revisions"}],"predecessor-version":[{"id":156023,"href":"https:\/\/www.fuldaernachrichten.de\/index.php?rest_route=\/wp\/v2\/posts\/156018\/revisions\/156023"}],"wp:featuredmedia":[{"embeddable":true,"href":"https:\/\/www.fuldaernachrichten.de\/index.php?rest_route=\/wp\/v2\/media\/156022"}],"wp:attachment":[{"href":"https:\/\/www.fuldaernachrichten.de\/index.php?rest_route=%2Fwp%2Fv2%2Fmedia&parent=156018"}],"wp:term":[{"taxonomy":"category","embeddable":true,"href":"https:\/\/www.fuldaernachrichten.de\/index.php?rest_route=%2Fwp%2Fv2%2Fcategories&post=156018"},{"taxonomy":"post_tag","embeddable":true,"href":"https:\/\/www.fuldaernachrichten.de\/index.php?rest_route=%2Fwp%2Fv2%2Ftags&post=156018"}],"curies":[{"name":"wp","href":"https:\/\/api.w.org\/{rel}","templated":true}]}}