{"id":156011,"date":"2016-10-11T18:25:16","date_gmt":"2016-10-11T16:25:16","guid":{"rendered":"http:\/\/www.fuldaer-nachrichten.de\/?p=156011"},"modified":"2016-10-11T18:25:20","modified_gmt":"2016-10-11T16:25:20","slug":"rhoener-wurstmarkt-29-partnerbetriebe-der-dachmarke-rhoen-waren-mit-dabei","status":"publish","type":"post","link":"https:\/\/www.fuldaernachrichten.de\/?p=156011","title":{"rendered":"Rh\u00f6ner Wurstmarkt: 29 Partnerbetriebe der Dachmarke Rh\u00f6n waren mit dabei"},"content":{"rendered":"<p><a href=\"http:\/\/www.fuldaer-nachrichten.de\/wp-content\/uploads\/2016\/10\/rh\u00f6ner-wurstmarkt_besucher.jpg\"><img fetchpriority=\"high\" decoding=\"async\" class=\"alignleft size-thumbnail wp-image-156015\" src=\"http:\/\/www.fuldaer-nachrichten.de\/wp-content\/uploads\/2016\/10\/rh\u00f6ner-wurstmarkt_besucher-265x191.jpg\" alt=\"rhoener-wurstmarkt_besucher\" width=\"265\" height=\"191\" \/><\/a>\u00dcber 50 Aussteller boten beim traditionellen Rh\u00f6ner Wurstmarkt am vergangenen Wochenende wieder ihre handwerklich hergestellten Wurst- und Schinkenspezialit\u00e4ten und die passenden Begleiter dazu an. Die H\u00e4lfte von ihnen pr\u00e4sentierte sich dabei als Partnerbetrieb der Dachmarke Rh\u00f6n.<\/p>\n<p>Die Auswahl der Aussteller erfolgte erneut nach strengen Pr\u00fcfkriterien. Oberstes Gebot ist die handwerkliche Erzeugung. Industriell erzeugte Waren haben auf dem Rh\u00f6ner Wurstmarkt keinen Platz. Schirmherrin war in diesem Jahr Barbara Stamm, Pr\u00e4sidentin des Bayerischen Landtags, die den mit dem traditionellen \u201eWurstanschnitt\u201c er\u00f6ffnete.<\/p>\n<p>Die Dachmarke Rh\u00f6n bot an ihrem Stand die Produkte der Regionalmarke \u201eRh\u00f6nwiese\u201c zum Verkauf an. Mit \u201eRh\u00f6nwiese\u201c habe die Dachmarke Rh\u00f6n alles im Angebot, was perfekt zu Rh\u00f6ner Wurst- und Schinkenspezialit\u00e4ten passe, sagte die Gesch\u00e4ftsf\u00fchrerin der Dachmarke Rh\u00f6n, Barbara Landgraf. Neben den eigenen Wurst- und Schinkenerzeugnissen seien dies unter anderem Gr\u00fcnspargel im Glas, Knoblauch in \u00d6l, Bio-Salami mit Edelschimmel, Rh\u00f6ner Nudeln und edle Br\u00e4nde aus der fr\u00e4nkischen Rh\u00f6n. Hinzu k\u00e4men noch verschiedene Holunderprodukte, Bienenhonig vom Imker, Eierlik\u00f6r und G\u00e4nse-Griebenschmalz. \u201eDie Erzeugnisse aus der Rh\u00f6n, die das Siegel der Dachmarke Rh\u00f6n tragen, sind keine anonymen Produkte von irgendwoher, sondern ihre Herkunft ist nachvollziehbar\u201c, betonte Landgraf. Sie freute sich, dass insgesamt 29 Partnerbetriebe der Dachmarke Rh\u00f6n zu den Beschickern des Rh\u00f6ner Wurstmarktes 2016 geh\u00f6rten. Das sei eine betr\u00e4chtliche Anzahl, und das allein mache den Rh\u00f6ner Wurstmarkt schon zu einem ganz besonderen Ereignis f\u00fcr die Dachmarke Rh\u00f6n.<\/p>\n<p>\u201eDie gute Resonanz vor zwei Jahren war f\u00fcr uns Ansporn, erneut einen Einblick in unser erweitertes Sortiment zu geben\u201c, sagte Landgraf, die auch die neue \u201eRh\u00f6nwiese\u201c-Geschenk- box vorstellte. Die Geschenkbox sei das ideale Pr\u00e4sent f\u00fcr alle Anl\u00e4sse wie Geburtstag, Jubil\u00e4um, Weihnachten oder als Aufmerksamkeit f\u00fcr Freunde, Bekannte, G\u00e4ste, Kollegen oder Gesch\u00e4ftspartner. Zu den Zielgruppen z\u00e4hlen zum einen Privatpersonen wie Einheimische oder Urlauber, aber auch Landkreise, Gemeinden, Institutionen sowie Unternehmen, Volksbanken und Sparkassen. \u201eUnd in der Tat geht es kaum regionaler und pers\u00f6nlicher: die Box ist voll mit Lebensmitteln, die ausschlie\u00dflich von Partnerbetrieben der Dachmarke Rh\u00f6n hergestellt sind\u201c, betonte die Dachmarke Rh\u00f6n-Gesch\u00e4ftsf\u00fchrerin. Momentan gibt es die \u201eRh\u00f6nwiese\u201c-Geschenkbox in sechs Varianten: als \u201eKleinigkeit\u201c, als \u201eBio pur\u201c, als \u201eProzentiges\u201c, als \u201eBunte Vielfalt\u201c, als \u201eGenuss-Kollektion\u201c und als \u201eSpezialit\u00e4ten-Truhe\u201c. Die Preisspanne reicht dabei von 27 bis 65 Euro. Neben den Produkten der Regionalmarke \u201eRh\u00f6nwiese\u201c gab es am Stand der Dachmarke Rh\u00f6n auch noch vielf\u00e4ltige Informationen zur Idee der Dachmarke Rh\u00f6n und zum bestehenden Netzwerk mit den Partnerbetrieben.<\/p>\n<p>Am Verkaufsstand der Dachmarke Rh\u00f6n boten Gesch\u00e4ftsf\u00fchrerin Barbara Landgraf (rechts) und Gerlinde Streichsbier die Produkte der Regionalmarke \u201eRh\u00f6nwiese\u201c an. Au\u00dferdem gab es auch die \u201eRh\u00f6nwiese\u201c-Geschenkboxen.<\/p>\n","protected":false},"excerpt":{"rendered":"<div class=\"tmnf_excerpt\"><p>\u00dcber 50 Aussteller boten beim traditionellen Rh\u00f6ner Wurstmarkt am vergangenen Wochenende wieder ihre handwerklich hergestellten Wurst- und Schinkenspezialit\u00e4ten und die passenden Begleiter dazu an. Die H\u00e4lfte von ihnen pr\u00e4sentierte sich dabei als Partnerbetrieb der Dachmarke Rh\u00f6n. Die Auswahl der Aussteller erfolgte erneut nach strengen Pr\u00fcfkriterien. Oberstes Gebot ist die handwerkliche Erzeugung. Industriell erzeugte Waren haben &hellip;<\/p>\n<\/div>","protected":false},"author":1,"featured_media":156016,"comment_status":"closed","ping_status":"closed","sticky":false,"template":"","format":"standard","meta":{"footnotes":""},"categories":[1],"tags":[],"class_list":["post-156011","post","type-post","status-publish","format-standard","has-post-thumbnail","hentry","category-startseite"],"_links":{"self":[{"href":"https:\/\/www.fuldaernachrichten.de\/index.php?rest_route=\/wp\/v2\/posts\/156011","targetHints":{"allow":["GET"]}}],"collection":[{"href":"https:\/\/www.fuldaernachrichten.de\/index.php?rest_route=\/wp\/v2\/posts"}],"about":[{"href":"https:\/\/www.fuldaernachrichten.de\/index.php?rest_route=\/wp\/v2\/types\/post"}],"author":[{"embeddable":true,"href":"https:\/\/www.fuldaernachrichten.de\/index.php?rest_route=\/wp\/v2\/users\/1"}],"replies":[{"embeddable":true,"href":"https:\/\/www.fuldaernachrichten.de\/index.php?rest_route=%2Fwp%2Fv2%2Fcomments&post=156011"}],"version-history":[{"count":1,"href":"https:\/\/www.fuldaernachrichten.de\/index.php?rest_route=\/wp\/v2\/posts\/156011\/revisions"}],"predecessor-version":[{"id":156017,"href":"https:\/\/www.fuldaernachrichten.de\/index.php?rest_route=\/wp\/v2\/posts\/156011\/revisions\/156017"}],"wp:featuredmedia":[{"embeddable":true,"href":"https:\/\/www.fuldaernachrichten.de\/index.php?rest_route=\/wp\/v2\/media\/156016"}],"wp:attachment":[{"href":"https:\/\/www.fuldaernachrichten.de\/index.php?rest_route=%2Fwp%2Fv2%2Fmedia&parent=156011"}],"wp:term":[{"taxonomy":"category","embeddable":true,"href":"https:\/\/www.fuldaernachrichten.de\/index.php?rest_route=%2Fwp%2Fv2%2Fcategories&post=156011"},{"taxonomy":"post_tag","embeddable":true,"href":"https:\/\/www.fuldaernachrichten.de\/index.php?rest_route=%2Fwp%2Fv2%2Ftags&post=156011"}],"curies":[{"name":"wp","href":"https:\/\/api.w.org\/{rel}","templated":true}]}}