{"id":156010,"date":"2016-10-11T18:26:06","date_gmt":"2016-10-11T16:26:06","guid":{"rendered":"http:\/\/www.fuldaer-nachrichten.de\/?p=156010"},"modified":"2016-10-11T18:26:06","modified_gmt":"2016-10-11T16:26:06","slug":"literarisch-musikalische-kopfexpedition-nach-suedamerika","status":"publish","type":"post","link":"https:\/\/www.fuldaernachrichten.de\/?p=156010","title":{"rendered":"Literarisch-musikalische \u201eKopfexpedition\u201c nach S\u00fcdamerika"},"content":{"rendered":"<p>Am Freitag, dem 14.10., findet um 20 Uhr im VHS Forum Kanzlerpalais in Fulda eine Lesung mit Konzert statt. Sch\u00f6ne Texte verschiedener Autoren, die gedanklich an Sehnsuchtsorte f\u00fchren, zum Reisen inspirieren, das Dableiben vers\u00fc\u00dfen und die Phantasie befl\u00fcgeln, werden von Jutta Sporer gelesen. Das Duo Energico, die beiden Gitarristinnen Bettina Schaaf und Maria Souroulla, entf\u00fchrt Sie musikalisch in die Welt lateinamerikanischer Kl\u00e4nge und Rhythmen.<\/p>\n","protected":false},"excerpt":{"rendered":"<div class=\"tmnf_excerpt\"><p>Am Freitag, dem 14.10., findet um 20 Uhr im VHS Forum Kanzlerpalais in Fulda eine Lesung mit Konzert statt. Sch\u00f6ne Texte verschiedener Autoren, die gedanklich an Sehnsuchtsorte f\u00fchren, zum Reisen inspirieren, das Dableiben vers\u00fc\u00dfen und die Phantasie befl\u00fcgeln, werden von Jutta Sporer gelesen. Das Duo Energico, die beiden Gitarristinnen Bettina Schaaf und Maria Souroulla, entf\u00fchrt &hellip;<\/p>\n<\/div>","protected":false},"author":1,"featured_media":0,"comment_status":"closed","ping_status":"closed","sticky":false,"template":"","format":"standard","meta":{"footnotes":""},"categories":[1],"tags":[],"class_list":["post-156010","post","type-post","status-publish","format-standard","hentry","category-startseite"],"_links":{"self":[{"href":"https:\/\/www.fuldaernachrichten.de\/index.php?rest_route=\/wp\/v2\/posts\/156010","targetHints":{"allow":["GET"]}}],"collection":[{"href":"https:\/\/www.fuldaernachrichten.de\/index.php?rest_route=\/wp\/v2\/posts"}],"about":[{"href":"https:\/\/www.fuldaernachrichten.de\/index.php?rest_route=\/wp\/v2\/types\/post"}],"author":[{"embeddable":true,"href":"https:\/\/www.fuldaernachrichten.de\/index.php?rest_route=\/wp\/v2\/users\/1"}],"replies":[{"embeddable":true,"href":"https:\/\/www.fuldaernachrichten.de\/index.php?rest_route=%2Fwp%2Fv2%2Fcomments&post=156010"}],"version-history":[{"count":1,"href":"https:\/\/www.fuldaernachrichten.de\/index.php?rest_route=\/wp\/v2\/posts\/156010\/revisions"}],"predecessor-version":[{"id":156021,"href":"https:\/\/www.fuldaernachrichten.de\/index.php?rest_route=\/wp\/v2\/posts\/156010\/revisions\/156021"}],"wp:attachment":[{"href":"https:\/\/www.fuldaernachrichten.de\/index.php?rest_route=%2Fwp%2Fv2%2Fmedia&parent=156010"}],"wp:term":[{"taxonomy":"category","embeddable":true,"href":"https:\/\/www.fuldaernachrichten.de\/index.php?rest_route=%2Fwp%2Fv2%2Fcategories&post=156010"},{"taxonomy":"post_tag","embeddable":true,"href":"https:\/\/www.fuldaernachrichten.de\/index.php?rest_route=%2Fwp%2Fv2%2Ftags&post=156010"}],"curies":[{"name":"wp","href":"https:\/\/api.w.org\/{rel}","templated":true}]}}