{"id":156004,"date":"2016-10-11T18:19:24","date_gmt":"2016-10-11T16:19:24","guid":{"rendered":"http:\/\/www.fuldaer-nachrichten.de\/?p=156004"},"modified":"2016-10-11T18:19:24","modified_gmt":"2016-10-11T16:19:24","slug":"gemeinsam-fuer-den-guten-zweck","status":"publish","type":"post","link":"https:\/\/www.fuldaernachrichten.de\/?p=156004","title":{"rendered":"Gemeinsam f\u00fcr den guten Zweck"},"content":{"rendered":"<p>Auch in diesem Jahr setzten sich UPS, antonius \u2013 Netzwerk Mensch und der Verein \u201eLeben und Arbeiten in Eichenzell\u201c gemeinsam f\u00fcr den guten Zweck ein. Im Rahmen des \u201eSocial Day\u201c von UPS haben am vergangenen Samstag insgesamt 35 Menschen mit und ohne Behinderung bei Aufr\u00e4umarbeiten im Heimattiergarten in Neuenberg geholfen.<\/p>\n<p>Bereits zum siebten Mal veranstaltet UPS den Social Day zusammen mit antonius. \u00dcber die Jahre ist eine enge Zusammenarbeit entstanden. \u201eUnser Ziel ist es, dass sich Menschen begegnen, die sich im Alltag nicht begegnet w\u00e4ren. Sie lernen sich kennen, Sympathien entstehen und die Sichtweisen von Menschen, die bislang keinen Bezug zu Menschen mit Beeintr\u00e4chtigung hatten, ver\u00e4ndern sich\u201c, erkl\u00e4rt Alexandra Poch, Leitung Treffpunkt SeitenWechsel von antonius.<\/p>\n<p>Mit dem sozialen Engagement im Heimattiergarten wollen UPS zusammen mit antonius ihrer Verbundenheit Ausdruck verleihen. \u201eWir haben ein regionales Projekt gesucht, f\u00fcr das wir uns einsetzen k\u00f6nnen. Und ganz im Sinne der Inklusion hei\u00dft dabei unser Motto: Gemeinsam k\u00f6nnen wir viel bewegen\u201c, so Sabine Savelsberg, Niederlassungsleiterin UPS Eichenzell.<\/p>\n","protected":false},"excerpt":{"rendered":"<div class=\"tmnf_excerpt\"><p>Auch in diesem Jahr setzten sich UPS, antonius \u2013 Netzwerk Mensch und der Verein \u201eLeben und Arbeiten in Eichenzell\u201c gemeinsam f\u00fcr den guten Zweck ein. Im Rahmen des \u201eSocial Day\u201c von UPS haben am vergangenen Samstag insgesamt 35 Menschen mit und ohne Behinderung bei Aufr\u00e4umarbeiten im Heimattiergarten in Neuenberg geholfen. Bereits zum siebten Mal veranstaltet &hellip;<\/p>\n<\/div>","protected":false},"author":1,"featured_media":156008,"comment_status":"closed","ping_status":"closed","sticky":false,"template":"","format":"standard","meta":{"footnotes":""},"categories":[1],"tags":[],"class_list":["post-156004","post","type-post","status-publish","format-standard","has-post-thumbnail","hentry","category-startseite"],"_links":{"self":[{"href":"https:\/\/www.fuldaernachrichten.de\/index.php?rest_route=\/wp\/v2\/posts\/156004","targetHints":{"allow":["GET"]}}],"collection":[{"href":"https:\/\/www.fuldaernachrichten.de\/index.php?rest_route=\/wp\/v2\/posts"}],"about":[{"href":"https:\/\/www.fuldaernachrichten.de\/index.php?rest_route=\/wp\/v2\/types\/post"}],"author":[{"embeddable":true,"href":"https:\/\/www.fuldaernachrichten.de\/index.php?rest_route=\/wp\/v2\/users\/1"}],"replies":[{"embeddable":true,"href":"https:\/\/www.fuldaernachrichten.de\/index.php?rest_route=%2Fwp%2Fv2%2Fcomments&post=156004"}],"version-history":[{"count":1,"href":"https:\/\/www.fuldaernachrichten.de\/index.php?rest_route=\/wp\/v2\/posts\/156004\/revisions"}],"predecessor-version":[{"id":156009,"href":"https:\/\/www.fuldaernachrichten.de\/index.php?rest_route=\/wp\/v2\/posts\/156004\/revisions\/156009"}],"wp:featuredmedia":[{"embeddable":true,"href":"https:\/\/www.fuldaernachrichten.de\/index.php?rest_route=\/wp\/v2\/media\/156008"}],"wp:attachment":[{"href":"https:\/\/www.fuldaernachrichten.de\/index.php?rest_route=%2Fwp%2Fv2%2Fmedia&parent=156004"}],"wp:term":[{"taxonomy":"category","embeddable":true,"href":"https:\/\/www.fuldaernachrichten.de\/index.php?rest_route=%2Fwp%2Fv2%2Fcategories&post=156004"},{"taxonomy":"post_tag","embeddable":true,"href":"https:\/\/www.fuldaernachrichten.de\/index.php?rest_route=%2Fwp%2Fv2%2Ftags&post=156004"}],"curies":[{"name":"wp","href":"https:\/\/api.w.org\/{rel}","templated":true}]}}