{"id":156003,"date":"2016-10-11T18:21:50","date_gmt":"2016-10-11T16:21:50","guid":{"rendered":"http:\/\/www.fuldaer-nachrichten.de\/?p=156003"},"modified":"2016-11-08T14:15:48","modified_gmt":"2016-11-08T13:15:48","slug":"streit-zwischen-billigpatrone-und-original","status":"publish","type":"post","link":"https:\/\/www.fuldaernachrichten.de\/?p=156003","title":{"rendered":"Streit zwischen Billigpatrone und Original"},"content":{"rendered":"<p>Momentan ist der Streit um die Verwendung von Fremdpatronen in Markendruckern gro\u00df. Markt-Mogul HP hatte k\u00fcrzlich bei vielen Nutzern (auch in Fulda) f\u00fcr Probleme gesorgt. Grund daf\u00fcr war eine vorinstallierte Software, die die Ger\u00e4te seit September automatisch f\u00fcr Tintenpatronen von Drittanbietern sperrt. Mittlerweile ist HP zur\u00fcckgerudert und verspricht ein neues Update der Firmware, mit dem die Drucker wieder freigeschaltet werden.<\/p>\n<h2>HP verbannt Billigpatronen und rudert zur\u00fcck<\/h2>\n<p>Im September fielen bei zahlreichen Besitzern eines HP-Druckers die Ger\u00e4te aus. Angezeigt wurde ein Fehler mit den Tintenpatronen. Grund daf\u00fcr war ein einprogrammiertes Ablaufdatum, das bei Nutzern, die Tinte von anderen Herstellern verwendeten, aktiviert wurde. Zum \u00c4rger der Benutzer. HP leugnete zun\u00e4chst einen Zusammenhang zwischen den Ausf\u00e4llen, Fremdpatronen und der Firmware. Mittlerweile <a href=\"http:\/\/www.golem.de\/news\/tintenpatronensperre-hp-haelt-dem-druck-nicht-stand-1609-123547.html\">gestand HP Probleme mit den Fremdpatronen<\/a> jedoch ein und verspricht ein baldiges Update zur Fehlerbehebung. Das Update m\u00fcssen Nutzer dann allerdings manuell vornehmen. Betroffene finden weitere Informationen zu den aktuellen Fragen rund um die Probleml\u00f6sungen <a href=\"http:\/\/h30434.www3.hp.com\/t5\/Inkjet-Printing\/Dedicated-to-the-best-printing-experience\/m-p\/5783870\/thread-id\/575869\">auf der englischen Support-Seite<\/a> von HP.<\/p>\n<h2>Original versus Billigpatrone<\/h2>\n<p>Dass Hersteller ihre Kunden zwingen wollen, ausschlie\u00dflich hauseigene Produkte zu kaufen, ist nicht neu. Seit Jahren gibt es Diskussionen, ob Originale oder Fremdpatronen besser sind. Wer viel druckt, greift gerne auf g\u00fcnstigere Patronen zur\u00fcck. Immerhin sind sie bis zu 70 Prozent billiger als Originaltinte. Schaut man <a href=\"https:\/\/www.hq-patronen.de\/\">bei einem Onlineh\u00e4ndler<\/a> in das Patronensortiment, sieht man, dass neben den Markenprodukten l\u00e4ngst auch kompatible Druckerpatronen und Refill-Patronen angeboten werden. G\u00fcnstigpatronen sind begehrt, auch wenn angebliche Tests immer wieder Vorurteile sch\u00fcren. So hei\u00dft es, dass die Tinte von Fremdherstellern dickfl\u00fcssiger w\u00e4re und mit der Zeit im Ger\u00e4t und auf dem Papier verklebt. Das stimmt jedoch nur zum Teil. <a href=\"https:\/\/www.test.de\/Druckertinten-Bis-zu-90-Prozent-Ersparnis-4673398-0\/\">Laut Stiftung Warentest<\/a> kommt es n\u00e4mlich ganz auf das Modell und die verwendete Tinte an. In vielen Tests zeigt sich, dass billigere Tinte nicht schlechter sein muss und Originaltinte nicht immer die beste Wahl ist. Neuere Tests zeigen allerdings immer \u00f6fter Kompatibilit\u00e4tsprobleme zwischen Drucker und Fremdpatronen \u2013 nicht nur bei HP. Ob sich hier ein neuer Trend abzeichnet, bleibt abzuwarten. Immerhin hat der Streit um HP gezeigt, dass das Thema bei den Nutzern auf gro\u00dfes Unverst\u00e4ndnis st\u00f6\u00dft.<\/p>\n<h2>An die Umwelt denken<\/h2>\n<p>Von rund 60 Millionen Druckerpatronen, die j\u00e4hrlich allein in Deutschland verkauft werden, landen knapp 90 Prozent im M\u00fcll. Originale sowie kompatible Druckerpatronen enthalten aber viele Wertstoffe und lassen sich teilweise sogar komplett recyclen. Die meisten Hersteller bieten deshalb eine kostenlose R\u00fccknahme ihrer Patronen an. Dadurch landet kein Wertstoff auf dem M\u00fcll und in der Produktion werden wichtige Rohstoffe eingespart. Wer seine Patronen nicht an den Hersteller schicken m\u00f6chte, kann sie in Fulda auch beim Wertstoffhof oder Schrotthandel abgeben oder Projekten wie der <a href=\"https:\/\/www.caritas.de\/spendeundengagement\/andershelfen\/caritasbox\/caritasbox\">CaritasBox spenden<\/a>. Diese wird seit 2012 den Betrieben, \u00f6ffentlichen Einrichtungen und Privatpersonen in Fulda bereitgestellt.<\/p>\n<p><img decoding=\"async\" src=\"https:\/\/c5.staticflickr.com\/6\/5028\/5656709476_1a032dcbc8.jpg\"> <\/p>\n<p>Bildrechte: Flickr <a href=\"https:\/\/www.flickr.com\/photos\/innovate360\/5656709476\/in\/photostream\/\" rel=\"nofollow\">HP ink cartridge recycling &#8211; Drucker Tintenpatronen Recycling<\/a> <a href=\"https:\/\/www.flickr.com\/photos\/innovate360\/\" rel=\"nofollow\">innovate360<\/a> CC BY 2.0 <a href=\"https:\/\/creativecommons.org\/licenses\/by\/2.0\/\" rel=\"nofollow\">Bestimmte Rechte vorbehalten<\/a><\/p>\n","protected":false},"excerpt":{"rendered":"<div class=\"tmnf_excerpt\"><p>Momentan ist der Streit um die Verwendung von Fremdpatronen in Markendruckern gro\u00df. Markt-Mogul HP hatte k\u00fcrzlich bei vielen Nutzern (auch in Fulda) f\u00fcr Probleme gesorgt. Grund daf\u00fcr war eine vorinstallierte Software, die die Ger\u00e4te seit September automatisch f\u00fcr Tintenpatronen von Drittanbietern sperrt. Mittlerweile ist HP zur\u00fcckgerudert und verspricht ein neues Update der Firmware, mit dem &hellip;<\/p>\n<\/div>","protected":false},"author":1,"featured_media":0,"comment_status":"closed","ping_status":"closed","sticky":false,"template":"","format":"standard","meta":{"footnotes":""},"categories":[1],"tags":[104,95,100,107],"class_list":["post-156003","post","type-post","status-publish","format-standard","hentry","category-startseite","tag-akm","tag-besonders-lesenswert","tag-g","tag-performics"],"_links":{"self":[{"href":"https:\/\/www.fuldaernachrichten.de\/index.php?rest_route=\/wp\/v2\/posts\/156003","targetHints":{"allow":["GET"]}}],"collection":[{"href":"https:\/\/www.fuldaernachrichten.de\/index.php?rest_route=\/wp\/v2\/posts"}],"about":[{"href":"https:\/\/www.fuldaernachrichten.de\/index.php?rest_route=\/wp\/v2\/types\/post"}],"author":[{"embeddable":true,"href":"https:\/\/www.fuldaernachrichten.de\/index.php?rest_route=\/wp\/v2\/users\/1"}],"replies":[{"embeddable":true,"href":"https:\/\/www.fuldaernachrichten.de\/index.php?rest_route=%2Fwp%2Fv2%2Fcomments&post=156003"}],"version-history":[{"count":2,"href":"https:\/\/www.fuldaernachrichten.de\/index.php?rest_route=\/wp\/v2\/posts\/156003\/revisions"}],"predecessor-version":[{"id":156014,"href":"https:\/\/www.fuldaernachrichten.de\/index.php?rest_route=\/wp\/v2\/posts\/156003\/revisions\/156014"}],"wp:attachment":[{"href":"https:\/\/www.fuldaernachrichten.de\/index.php?rest_route=%2Fwp%2Fv2%2Fmedia&parent=156003"}],"wp:term":[{"taxonomy":"category","embeddable":true,"href":"https:\/\/www.fuldaernachrichten.de\/index.php?rest_route=%2Fwp%2Fv2%2Fcategories&post=156003"},{"taxonomy":"post_tag","embeddable":true,"href":"https:\/\/www.fuldaernachrichten.de\/index.php?rest_route=%2Fwp%2Fv2%2Ftags&post=156003"}],"curies":[{"name":"wp","href":"https:\/\/api.w.org\/{rel}","templated":true}]}}