{"id":155999,"date":"2016-10-11T18:18:52","date_gmt":"2016-10-11T16:18:52","guid":{"rendered":"http:\/\/www.fuldaer-nachrichten.de\/?p=155999"},"modified":"2016-10-11T18:18:52","modified_gmt":"2016-10-11T16:18:52","slug":"apfelpressen-wie-zu-uromas-zeiten","status":"publish","type":"post","link":"https:\/\/www.fuldaernachrichten.de\/?p=155999","title":{"rendered":"Apfelpressen wie zu Uromas Zeiten"},"content":{"rendered":"<p>Wie viel Handarbeit in einem kleinen Schluck Apfelsaft steckt, erlebten k\u00fcrzlich die Sch\u00fclerinnen und Sch\u00fcler des Kompetenzzentrums f\u00fcr Sprache und Erziehung. Bei einem Aktionstag, der mit Unterst\u00fctzung der Rh\u00f6n Ranger im Kompetenzzentrum in Petersberg stattfand und bei dem sich alles um den Apfel drehte, wurde die Abteilung emotionale und soziale Entwicklung nahezu zum Selbstversorger.<\/p>\n<p>Die Sch\u00fclerinnen und Sch\u00fcler stellten sich unter fachkundiger Anleitung des Rh\u00f6n-Rangers Hubert Stumpf der Herausforderung des Apfelsaftpressens wie zu Urgro\u00dfmutters Zeiten. Sie s\u00e4uberten und zerkleinerten echte Rh\u00f6ner \u00c4pfel mit einer alten H\u00e4ckselmaschine und bedienten anschlie\u00dfend die Saftpresse, so dass nach kurzer Zeit bereits der erste selbst gepresste Apfelsaft flie\u00dfen konnte.<\/p>\n<p>Sp\u00e4ter folgte ein gemeinsames Mittagessen an einer sch\u00f6nen langen Tafel. Dank des gehegten und gepflegten Schulgartens konnten die Sch\u00fcler der Auszeitklasse bei der Zubereitung ihres Kartoffelgratins mit Apfelscheiben auch auf selbst gez\u00fcchtete Kr\u00e4uter zur\u00fcckgreifen und so die Mahlzeit verfeinern. Vervollst\u00e4ndigt wurde das Essen durch einen leckeren Apfelm\u00f6hrensalat, den die \u00e4ltesten Sch\u00fcler zubereiteten. Derweil duftete aus dem Backofen der Mittelstufe selbstgebackener \u201eApple Crumble\u201c, der sp\u00e4ter zum Nachtisch serviert wurde. F\u00fcr die Dekoration der gemeinsamen Tafel zeigte sich die Unterstufe, die zum Essen noch W\u00fcrstchen besorgt hatte, verantwortlich.<\/p>\n<p>Gemeinsame Aktionen mit den Rh\u00f6nrangern haben im Kompetenzzentrum schon Tradition. Aufgrund der wertvollen Erfahrungen freuen sich die Kinder und P\u00e4dagogen des Kompetenzzentrums schon jetzt auf den n\u00e4chsten gemeinsamen Erlebnistag.<\/p>\n","protected":false},"excerpt":{"rendered":"<div class=\"tmnf_excerpt\"><p>Wie viel Handarbeit in einem kleinen Schluck Apfelsaft steckt, erlebten k\u00fcrzlich die Sch\u00fclerinnen und Sch\u00fcler des Kompetenzzentrums f\u00fcr Sprache und Erziehung. Bei einem Aktionstag, der mit Unterst\u00fctzung der Rh\u00f6n Ranger im Kompetenzzentrum in Petersberg stattfand und bei dem sich alles um den Apfel drehte, wurde die Abteilung emotionale und soziale Entwicklung nahezu zum Selbstversorger. Die &hellip;<\/p>\n<\/div>","protected":false},"author":1,"featured_media":156002,"comment_status":"closed","ping_status":"closed","sticky":false,"template":"","format":"standard","meta":{"footnotes":""},"categories":[1],"tags":[],"class_list":["post-155999","post","type-post","status-publish","format-standard","has-post-thumbnail","hentry","category-startseite"],"_links":{"self":[{"href":"https:\/\/www.fuldaernachrichten.de\/index.php?rest_route=\/wp\/v2\/posts\/155999","targetHints":{"allow":["GET"]}}],"collection":[{"href":"https:\/\/www.fuldaernachrichten.de\/index.php?rest_route=\/wp\/v2\/posts"}],"about":[{"href":"https:\/\/www.fuldaernachrichten.de\/index.php?rest_route=\/wp\/v2\/types\/post"}],"author":[{"embeddable":true,"href":"https:\/\/www.fuldaernachrichten.de\/index.php?rest_route=\/wp\/v2\/users\/1"}],"replies":[{"embeddable":true,"href":"https:\/\/www.fuldaernachrichten.de\/index.php?rest_route=%2Fwp%2Fv2%2Fcomments&post=155999"}],"version-history":[{"count":1,"href":"https:\/\/www.fuldaernachrichten.de\/index.php?rest_route=\/wp\/v2\/posts\/155999\/revisions"}],"predecessor-version":[{"id":156006,"href":"https:\/\/www.fuldaernachrichten.de\/index.php?rest_route=\/wp\/v2\/posts\/155999\/revisions\/156006"}],"wp:featuredmedia":[{"embeddable":true,"href":"https:\/\/www.fuldaernachrichten.de\/index.php?rest_route=\/wp\/v2\/media\/156002"}],"wp:attachment":[{"href":"https:\/\/www.fuldaernachrichten.de\/index.php?rest_route=%2Fwp%2Fv2%2Fmedia&parent=155999"}],"wp:term":[{"taxonomy":"category","embeddable":true,"href":"https:\/\/www.fuldaernachrichten.de\/index.php?rest_route=%2Fwp%2Fv2%2Fcategories&post=155999"},{"taxonomy":"post_tag","embeddable":true,"href":"https:\/\/www.fuldaernachrichten.de\/index.php?rest_route=%2Fwp%2Fv2%2Ftags&post=155999"}],"curies":[{"name":"wp","href":"https:\/\/api.w.org\/{rel}","templated":true}]}}