{"id":155993,"date":"2016-10-11T18:18:57","date_gmt":"2016-10-11T16:18:57","guid":{"rendered":"http:\/\/www.fuldaer-nachrichten.de\/?p=155993"},"modified":"2016-10-11T18:18:57","modified_gmt":"2016-10-11T16:18:57","slug":"erster-kreisbeigeordneter-frederik-schmitt-informierte-sich-bei-gruemel-ueber-aufgabenbereiche-des-bildungs-und-beschaeftigungstraegers","status":"publish","type":"post","link":"https:\/\/www.fuldaernachrichten.de\/?p=155993","title":{"rendered":"Erster Kreisbeigeordneter Frederik Schmitt informierte sich bei Gr\u00fcmel \u00fcber Aufgabenbereiche des Bildungs- und Besch\u00e4ftigungstr\u00e4gers"},"content":{"rendered":"<p>Eine jahrzehntelange Zusammenarbeit verbindet den Landkreis Fulda und Gr\u00fcmel. \u00dcber die aktuellen Herausforderungen und die vielf\u00e4ltigen Aufgabenbereiche des Bildungs- und Besch\u00e4ftigungstr\u00e4gers informierte sich Frederik Schmitt, Erster Kreisbeigeordneter des Landkreises Fulda, w\u00e4hrend eines Besuchs bei Gr\u00fcmel.<\/p>\n<p>Interessiert folgte er den Ausf\u00fchrungen von Gr\u00fcmel-Gesch\u00e4ftsf\u00fchrer Matthias Kraft, der Einblicke in die Mitarbeiter- und Teilnehmerzahlen gab. \u201eBei Gr\u00fcmel sind aktuell 196 Mitarbeiter in den unterschiedlichen Ma\u00dfnahmen im Einsatz. Der Anteil der Schwerbehinderten macht 14 Prozent der Belegschaft aus\u201c, erkl\u00e4rte Matthias Kraft.<\/p>\n<p>Die Gr\u00fcmel-Mitarbeiter engagieren sich in einem breiten Spektrum von Ma\u00dfnahmentypen. So sorgt beispielsweise die Berufsvorbereitung f\u00fcr Orientierung in der Arbeitswelt. Derzeit k\u00f6nnen 45 Jugendliche in den unterschiedlichen Werkst\u00e4tten unter Anleitung ihre Talente erproben. Die Einstiegsbegleitung nehmen 211 Sch\u00fclerinnen und Sch\u00fcler in Anspruch. Die Betreuung findet hier an den jeweiligen Schulstandorten und in den externen Ausbildungsbetrieben statt.<\/p>\n<p>Die Produktionsschule besuchen 20 Teilnehmer. 91 junge Erwachsene befinden sich in der Ausbildung. Die Qualifizierende Besch\u00e4ftigung z\u00e4hlt 70 Teilnehmerpl\u00e4tze, und den Bundesfreiwilligendienst absolvieren 13 M\u00e4nner und Frauen bei Gr\u00fcmel. Im Auftrag des Landkreises betreuen Gr\u00fcmel-Mitarbeiter derzeit zudem an verschiedenen Standorten 684 Fl\u00fcchtlinge und 17 unbegleitete minderj\u00e4hrige Ausl\u00e4nder.<\/p>\n<p>Im Gr\u00fcmel-Zentrum in der Steubenallee erhielt der Erste Kreisbeigeordnete Einblicke in die Arbeit im M\u00f6belmarkt \u201eSammelsurium\u201c und die Integrationsabteilung, besuchte die Abteilung f\u00fcr Elektroger\u00e4terecycling und die Tischlerei. N\u00e4chste Station war das Gr\u00fcmel Casino in der Flemingstra\u00dfe mit den Abteilungen Verkaufsvorbereitung, W\u00e4scherei und Hauswirtschaft.<\/p>\n<p>Der Gr\u00fcmel-Vorstand skizzierte anschlie\u00dfend die Entwicklung des Bildungs- und Besch\u00e4ftigungstr\u00e4gers in den vergangenen 30 Jahren und thematisierte gemeinsam mit Frederik Schmitt Risiken der Finanzierung, Bedarfe der Region und Ver\u00e4nderungen am Ausbildungs- und Arbeitsmarkt, die neuen Herausforderungen mit sich bringen.<\/p>\n<p>Auch die Kooperationen zwischen dem Landkreis Fulda und Gr\u00fcmel wie etwa das Kommunale Kreisjobcenter, der Zweckverband Abfallsammlung, die Lokale Nahverkehr Gesellschaft, die Kantine im Landratsamt, der Bereich Ausbildung oder die Gemeinschaftsverpflegung f\u00fcr Schulen waren Inhalte des Gespr\u00e4chs.<\/p>\n<p>\u201eGr\u00fcmel verf\u00fcgt nicht nur \u00fcber langj\u00e4hrige Erfahrung, Kompetenz und verl\u00e4ssliche Strukturen; der Bildungs- und Besch\u00e4ftigungstr\u00e4ger kann auch eine beeindruckende inhaltliche Vielfalt vorweisen. Bemerkenswert ist zudem, mit welcher Flexibilit\u00e4t, Offenheit, Schnelligkeit und Motivation das Gr\u00fcmel-Team den Herausforderungen unserer Zeit begegnet\u201c, res\u00fcmierte der Erste Kreisbeigeordnete nach seinem Besuch.<\/p>\n","protected":false},"excerpt":{"rendered":"<div class=\"tmnf_excerpt\"><p>Eine jahrzehntelange Zusammenarbeit verbindet den Landkreis Fulda und Gr\u00fcmel. \u00dcber die aktuellen Herausforderungen und die vielf\u00e4ltigen Aufgabenbereiche des Bildungs- und Besch\u00e4ftigungstr\u00e4gers informierte sich Frederik Schmitt, Erster Kreisbeigeordneter des Landkreises Fulda, w\u00e4hrend eines Besuchs bei Gr\u00fcmel. Interessiert folgte er den Ausf\u00fchrungen von Gr\u00fcmel-Gesch\u00e4ftsf\u00fchrer Matthias Kraft, der Einblicke in die Mitarbeiter- und Teilnehmerzahlen gab. \u201eBei Gr\u00fcmel sind &hellip;<\/p>\n<\/div>","protected":false},"author":1,"featured_media":156005,"comment_status":"closed","ping_status":"closed","sticky":false,"template":"","format":"standard","meta":{"footnotes":""},"categories":[1],"tags":[],"class_list":["post-155993","post","type-post","status-publish","format-standard","has-post-thumbnail","hentry","category-startseite"],"_links":{"self":[{"href":"https:\/\/www.fuldaernachrichten.de\/index.php?rest_route=\/wp\/v2\/posts\/155993","targetHints":{"allow":["GET"]}}],"collection":[{"href":"https:\/\/www.fuldaernachrichten.de\/index.php?rest_route=\/wp\/v2\/posts"}],"about":[{"href":"https:\/\/www.fuldaernachrichten.de\/index.php?rest_route=\/wp\/v2\/types\/post"}],"author":[{"embeddable":true,"href":"https:\/\/www.fuldaernachrichten.de\/index.php?rest_route=\/wp\/v2\/users\/1"}],"replies":[{"embeddable":true,"href":"https:\/\/www.fuldaernachrichten.de\/index.php?rest_route=%2Fwp%2Fv2%2Fcomments&post=155993"}],"version-history":[{"count":1,"href":"https:\/\/www.fuldaernachrichten.de\/index.php?rest_route=\/wp\/v2\/posts\/155993\/revisions"}],"predecessor-version":[{"id":156007,"href":"https:\/\/www.fuldaernachrichten.de\/index.php?rest_route=\/wp\/v2\/posts\/155993\/revisions\/156007"}],"wp:featuredmedia":[{"embeddable":true,"href":"https:\/\/www.fuldaernachrichten.de\/index.php?rest_route=\/wp\/v2\/media\/156005"}],"wp:attachment":[{"href":"https:\/\/www.fuldaernachrichten.de\/index.php?rest_route=%2Fwp%2Fv2%2Fmedia&parent=155993"}],"wp:term":[{"taxonomy":"category","embeddable":true,"href":"https:\/\/www.fuldaernachrichten.de\/index.php?rest_route=%2Fwp%2Fv2%2Fcategories&post=155993"},{"taxonomy":"post_tag","embeddable":true,"href":"https:\/\/www.fuldaernachrichten.de\/index.php?rest_route=%2Fwp%2Fv2%2Ftags&post=155993"}],"curies":[{"name":"wp","href":"https:\/\/api.w.org\/{rel}","templated":true}]}}