{"id":155991,"date":"2016-10-11T18:18:06","date_gmt":"2016-10-11T16:18:06","guid":{"rendered":"http:\/\/www.fuldaer-nachrichten.de\/?p=155991"},"modified":"2016-10-11T18:18:06","modified_gmt":"2016-10-11T16:18:06","slug":"mediana-und-helios-krankenhaus-huenfeld-kooperieren","status":"publish","type":"post","link":"https:\/\/www.fuldaernachrichten.de\/?p=155991","title":{"rendered":"Mediana und Helios Krankenhaus H\u00fcnfeld kooperieren"},"content":{"rendered":"<p>Es ist ein Fortschritt in der Ausbildung von Nachwuchspflegekr\u00e4ften: Eine intensive Kooperation vereinbarten j\u00fcngst die Mediana Gruppe und die Helios St. Elisabeth Klinik in H\u00fcnfeld. Den Vertrag unterzeichneten die Mediana-Gesch\u00e4ftsf\u00fchrer Thorsten Roch und Bastian Hans sowie Klinikgesch\u00e4ftsf\u00fchrerin Sandra Henek.<\/p>\n<p>Damit haben die Auszubildenden bei Mediana ab sofort die M\u00f6glichkeit, Teile ihrer dreij\u00e4hrigen Ausbildung zum Altenpfleger\/-in in der Helios St. Elisabeth Klinik zu absolvieren. Sie k\u00f6nnen nun ihr Wissen und ihre Erfahrungen im klinischen Pflegebereich erweitern \u2013 ein Aspekt der die Ausbildung bei Mediana noch einmal attraktiver gestaltet. \u201eDie Umsetzung der Generalistik ist ein wichtiger und erforderlicher Schritt zur Personalgewinnung. Die Attraktivit\u00e4t des Ausbildungsberufes soll damit deutlich gesteigert werden\u201c, erl\u00e4utert Gesch\u00e4ftsf\u00fchrer Thorsten Roch.<\/p>\n<p>Hintergrund der Vereinbarung sind die geplanten Ver\u00e4nderungen in der Ausbildung von Pflegekr\u00e4ften. Bundesweit sollen Altenpflege, die Gesundheits- und Krankenpflege sowie die Gesundheits- und Kinderkrankenpflege in einer gemeinsamen, generalistischen Ausbildung zusammengef\u00fchrt werden. In der Mediana Gruppe ist man hinsichtlich dieser Reform nun auch dank der Kooperation mit der Helios St. Elisabeth Klinik bestens ger\u00fcstet. Beide Unternehmen freuen sich auf die gemeinsame Zusammenarbeit in der Ausbildung von Nachwuchspflegekr\u00e4ften.<br \/>\nBildunterschrift: Freuen sich \u00fcber die neue Kooperation im Bereich der Ausbildung (v.l.): Hannah Elster (Mediana-Personalmanagement), Patricia Bott (Leitung Mediana-Akademie), Thorsten Roch (Mediana-Gesch\u00e4ftsf\u00fchrer), Sandra Henek (Klinikgesch\u00e4ftsf\u00fchrerin Helios St. Elisabeth H\u00fcnfeld), Bastian Hans (Mediana-Gesch\u00e4ftsf\u00fchrer), Jessica Otterbein (Mediana-Personalmanagement), Christopher Smith (Pflegedirektor).<\/p>\n","protected":false},"excerpt":{"rendered":"<div class=\"tmnf_excerpt\"><p>Es ist ein Fortschritt in der Ausbildung von Nachwuchspflegekr\u00e4ften: Eine intensive Kooperation vereinbarten j\u00fcngst die Mediana Gruppe und die Helios St. Elisabeth Klinik in H\u00fcnfeld. Den Vertrag unterzeichneten die Mediana-Gesch\u00e4ftsf\u00fchrer Thorsten Roch und Bastian Hans sowie Klinikgesch\u00e4ftsf\u00fchrerin Sandra Henek. Damit haben die Auszubildenden bei Mediana ab sofort die M\u00f6glichkeit, Teile ihrer dreij\u00e4hrigen Ausbildung zum Altenpfleger\/-in &hellip;<\/p>\n<\/div>","protected":false},"author":1,"featured_media":156000,"comment_status":"closed","ping_status":"closed","sticky":false,"template":"","format":"standard","meta":{"footnotes":""},"categories":[1],"tags":[],"class_list":["post-155991","post","type-post","status-publish","format-standard","has-post-thumbnail","hentry","category-startseite"],"_links":{"self":[{"href":"https:\/\/www.fuldaernachrichten.de\/index.php?rest_route=\/wp\/v2\/posts\/155991","targetHints":{"allow":["GET"]}}],"collection":[{"href":"https:\/\/www.fuldaernachrichten.de\/index.php?rest_route=\/wp\/v2\/posts"}],"about":[{"href":"https:\/\/www.fuldaernachrichten.de\/index.php?rest_route=\/wp\/v2\/types\/post"}],"author":[{"embeddable":true,"href":"https:\/\/www.fuldaernachrichten.de\/index.php?rest_route=\/wp\/v2\/users\/1"}],"replies":[{"embeddable":true,"href":"https:\/\/www.fuldaernachrichten.de\/index.php?rest_route=%2Fwp%2Fv2%2Fcomments&post=155991"}],"version-history":[{"count":1,"href":"https:\/\/www.fuldaernachrichten.de\/index.php?rest_route=\/wp\/v2\/posts\/155991\/revisions"}],"predecessor-version":[{"id":156001,"href":"https:\/\/www.fuldaernachrichten.de\/index.php?rest_route=\/wp\/v2\/posts\/155991\/revisions\/156001"}],"wp:featuredmedia":[{"embeddable":true,"href":"https:\/\/www.fuldaernachrichten.de\/index.php?rest_route=\/wp\/v2\/media\/156000"}],"wp:attachment":[{"href":"https:\/\/www.fuldaernachrichten.de\/index.php?rest_route=%2Fwp%2Fv2%2Fmedia&parent=155991"}],"wp:term":[{"taxonomy":"category","embeddable":true,"href":"https:\/\/www.fuldaernachrichten.de\/index.php?rest_route=%2Fwp%2Fv2%2Fcategories&post=155991"},{"taxonomy":"post_tag","embeddable":true,"href":"https:\/\/www.fuldaernachrichten.de\/index.php?rest_route=%2Fwp%2Fv2%2Ftags&post=155991"}],"curies":[{"name":"wp","href":"https:\/\/api.w.org\/{rel}","templated":true}]}}