{"id":155985,"date":"2016-10-11T18:15:53","date_gmt":"2016-10-11T16:15:53","guid":{"rendered":"http:\/\/www.fuldaer-nachrichten.de\/?p=155985"},"modified":"2016-10-11T18:15:53","modified_gmt":"2016-10-11T16:15:53","slug":"wolff-in-kneipp-landesvorstand-gewaehlt","status":"publish","type":"post","link":"https:\/\/www.fuldaernachrichten.de\/?p=155985","title":{"rendered":"Wolff in Kneipp-Landesvorstand gew\u00e4hlt"},"content":{"rendered":"<p>Lange Jahre ist der Fuldaer Peter Wolff schon in Sachen Gesundheitspr\u00e4vention nach Kneipp aktiv. H\u00e4ufig tritt er auch als personifizierter \u201ePfarrer Sebastian Kneipp\u201c in ganz Hessen auf, aber auch in der Region, so bei der Er\u00f6ffnung des Kneipp-Tretbeckens am Umweltzentrum in der Johannisaue oder bei Nikolausfeiern des Kneipp-Vereins Fulda. Einstimmig wurde Wolff nun in den neunk\u00f6pfigen hessischen Landesvorstand gew\u00e4hlt. Ihn freue das umso mehr, so Wolff, da Kneippen seit letztem Jahr auch auf der deutschen UNESCO-Liste der immateriellen Kulturg\u00fcter steht. \u201eZwar verbinden immer noch viele Menschen Kneipp mit Wassertreten und Wasserg\u00fcssen\u201c, so Wolff, \u201edoch Kneipp steht auf 5 S\u00e4ulen der gesundheitlichen Nachhaltigkeit: Ern\u00e4hrung, Bewegung, Heilkr\u00e4uter, die Lebensordnung oder Innere Balance und eben auf der Wassertherapien. Als ehemaliger B\u00fcrgermeister eines Kneipp-Heilbades (Gersfeld\/Rh\u00f6n) und dadurch engagiert im Hessischen Heilb\u00e4derverband und dem Verband Deutscher Kneipp-Heilb\u00e4der und Kneipp-Kurorte und Mitglied im Gesundheitsausschuss des Hessischen St\u00e4dtetages ist auch Wolff ein ausgewiesener Verfechter der nat\u00fcrlichen Gesundheitspr\u00e4vention nach Kneipp. Im Amt best\u00e4tigt wurde der langj\u00e4hrige Vorsitzende des Kneipp-Bundes Hessen, Dr. Georg Roth aus Schl\u00fcchtern.<\/p>\n","protected":false},"excerpt":{"rendered":"<div class=\"tmnf_excerpt\"><p>Lange Jahre ist der Fuldaer Peter Wolff schon in Sachen Gesundheitspr\u00e4vention nach Kneipp aktiv. H\u00e4ufig tritt er auch als personifizierter \u201ePfarrer Sebastian Kneipp\u201c in ganz Hessen auf, aber auch in der Region, so bei der Er\u00f6ffnung des Kneipp-Tretbeckens am Umweltzentrum in der Johannisaue oder bei Nikolausfeiern des Kneipp-Vereins Fulda. Einstimmig wurde Wolff nun in den &hellip;<\/p>\n<\/div>","protected":false},"author":1,"featured_media":155986,"comment_status":"closed","ping_status":"closed","sticky":false,"template":"","format":"standard","meta":{"footnotes":""},"categories":[1],"tags":[],"class_list":["post-155985","post","type-post","status-publish","format-standard","has-post-thumbnail","hentry","category-startseite"],"_links":{"self":[{"href":"https:\/\/www.fuldaernachrichten.de\/index.php?rest_route=\/wp\/v2\/posts\/155985","targetHints":{"allow":["GET"]}}],"collection":[{"href":"https:\/\/www.fuldaernachrichten.de\/index.php?rest_route=\/wp\/v2\/posts"}],"about":[{"href":"https:\/\/www.fuldaernachrichten.de\/index.php?rest_route=\/wp\/v2\/types\/post"}],"author":[{"embeddable":true,"href":"https:\/\/www.fuldaernachrichten.de\/index.php?rest_route=\/wp\/v2\/users\/1"}],"replies":[{"embeddable":true,"href":"https:\/\/www.fuldaernachrichten.de\/index.php?rest_route=%2Fwp%2Fv2%2Fcomments&post=155985"}],"version-history":[{"count":1,"href":"https:\/\/www.fuldaernachrichten.de\/index.php?rest_route=\/wp\/v2\/posts\/155985\/revisions"}],"predecessor-version":[{"id":155987,"href":"https:\/\/www.fuldaernachrichten.de\/index.php?rest_route=\/wp\/v2\/posts\/155985\/revisions\/155987"}],"wp:featuredmedia":[{"embeddable":true,"href":"https:\/\/www.fuldaernachrichten.de\/index.php?rest_route=\/wp\/v2\/media\/155986"}],"wp:attachment":[{"href":"https:\/\/www.fuldaernachrichten.de\/index.php?rest_route=%2Fwp%2Fv2%2Fmedia&parent=155985"}],"wp:term":[{"taxonomy":"category","embeddable":true,"href":"https:\/\/www.fuldaernachrichten.de\/index.php?rest_route=%2Fwp%2Fv2%2Fcategories&post=155985"},{"taxonomy":"post_tag","embeddable":true,"href":"https:\/\/www.fuldaernachrichten.de\/index.php?rest_route=%2Fwp%2Fv2%2Ftags&post=155985"}],"curies":[{"name":"wp","href":"https:\/\/api.w.org\/{rel}","templated":true}]}}