{"id":155979,"date":"2016-10-11T18:16:16","date_gmt":"2016-10-11T16:16:16","guid":{"rendered":"http:\/\/www.fuldaer-nachrichten.de\/?p=155979"},"modified":"2016-10-11T18:16:16","modified_gmt":"2016-10-11T16:16:16","slug":"caritas-kalender-2017-ab-sofort-erhaeltlich-verkauf-im-caritas-haus-am-dom","status":"publish","type":"post","link":"https:\/\/www.fuldaernachrichten.de\/?p=155979","title":{"rendered":"Caritas-Kalender 2017 ab sofort erh\u00e4ltlich \u2013 Verkauf im Caritas-Haus am Dom"},"content":{"rendered":"<p>Das Jahr 2016 geht in die Endrunde \u2013 der Blick richtet sich immer mehr schon auf das Jahr 2017. Dementsprechend k\u00f6nnen Interessierte ab sofort bereits die Caritas-Kalender f\u00fcr 2017 erhalten: Wieder gibt es sowohl den klassischen Abrei\u00dfkalender \u201eUnser t\u00e4glich Brot\u201c sowie den immer beliebter werdenden Buchkalender, die beide zum Verkauf in der Caritas-Gesch\u00e4ftstelle Wilhelmstra\u00dfe 2 \u2013 gleich am Dom \u2013 bereitgehalten werden.<\/p>\n<p>Der Abrei\u00dfkalender \u201eUnser t\u00e4glich Brot\u201c hat f\u00fcr jeden Tag ein eigenes Kalenderbl\u00e4ttchen, auf dem man Inspirationen f\u00fcr den Tag in Form von Spr\u00fcchen, Impulsgedanken aus der Bibel, geistreiche Worte von Philosophen oder Schriftstellern erh\u00e4lt. Alternativ bietet der Buchkalender auf rund 160 Seiten kurze Geschichten und sonstige literarische Texte sowie verschiedenste Informationen u. a. zu den Themenbereichen Leben und Gesundheit sowie Haushalt und Garten.<\/p>\n<p>Der Abrei\u00dfkalender kostet im Einzelpreis nach wie vor 4,50 Euro, den Buchkalender gibt es ebenfalls erneut zum Preis des Vorjahres, n\u00e4mlich f\u00fcr 5,90 Euro, gegebenenfalls zzgl. Versandkosten. Bei gr\u00f6\u00dferen Bestellmengen ab f\u00fcnf Exemplaren einer Kalender-Sorte wird ein Mengenrabatt gew\u00e4hrt. Bestellungen senden Interessierte bitte per Mail an oeffentlichkeitsarbeit@caritas-fulda.de oder postalisch an den Caritasverband f\u00fcr die Di\u00f6zese Fulda, Pressereferat, Wilhelmstra\u00dfe 2, 36037 Fulda. Diese Adresse gilt auch f\u00fcr Selbstabholer, die zum Kalenderkauf zu den \u00fcblichen Gesch\u00e4ftszeiten gerne im Caritas-Haus vorbei kommen k\u00f6nnen.<\/p>\n","protected":false},"excerpt":{"rendered":"<div class=\"tmnf_excerpt\"><p>Das Jahr 2016 geht in die Endrunde \u2013 der Blick richtet sich immer mehr schon auf das Jahr 2017. Dementsprechend k\u00f6nnen Interessierte ab sofort bereits die Caritas-Kalender f\u00fcr 2017 erhalten: Wieder gibt es sowohl den klassischen Abrei\u00dfkalender \u201eUnser t\u00e4glich Brot\u201c sowie den immer beliebter werdenden Buchkalender, die beide zum Verkauf in der Caritas-Gesch\u00e4ftstelle Wilhelmstra\u00dfe 2 &hellip;<\/p>\n<\/div>","protected":false},"author":1,"featured_media":155988,"comment_status":"closed","ping_status":"closed","sticky":false,"template":"","format":"standard","meta":{"footnotes":""},"categories":[1],"tags":[],"class_list":["post-155979","post","type-post","status-publish","format-standard","has-post-thumbnail","hentry","category-startseite"],"_links":{"self":[{"href":"https:\/\/www.fuldaernachrichten.de\/index.php?rest_route=\/wp\/v2\/posts\/155979","targetHints":{"allow":["GET"]}}],"collection":[{"href":"https:\/\/www.fuldaernachrichten.de\/index.php?rest_route=\/wp\/v2\/posts"}],"about":[{"href":"https:\/\/www.fuldaernachrichten.de\/index.php?rest_route=\/wp\/v2\/types\/post"}],"author":[{"embeddable":true,"href":"https:\/\/www.fuldaernachrichten.de\/index.php?rest_route=\/wp\/v2\/users\/1"}],"replies":[{"embeddable":true,"href":"https:\/\/www.fuldaernachrichten.de\/index.php?rest_route=%2Fwp%2Fv2%2Fcomments&post=155979"}],"version-history":[{"count":1,"href":"https:\/\/www.fuldaernachrichten.de\/index.php?rest_route=\/wp\/v2\/posts\/155979\/revisions"}],"predecessor-version":[{"id":155989,"href":"https:\/\/www.fuldaernachrichten.de\/index.php?rest_route=\/wp\/v2\/posts\/155979\/revisions\/155989"}],"wp:featuredmedia":[{"embeddable":true,"href":"https:\/\/www.fuldaernachrichten.de\/index.php?rest_route=\/wp\/v2\/media\/155988"}],"wp:attachment":[{"href":"https:\/\/www.fuldaernachrichten.de\/index.php?rest_route=%2Fwp%2Fv2%2Fmedia&parent=155979"}],"wp:term":[{"taxonomy":"category","embeddable":true,"href":"https:\/\/www.fuldaernachrichten.de\/index.php?rest_route=%2Fwp%2Fv2%2Fcategories&post=155979"},{"taxonomy":"post_tag","embeddable":true,"href":"https:\/\/www.fuldaernachrichten.de\/index.php?rest_route=%2Fwp%2Fv2%2Ftags&post=155979"}],"curies":[{"name":"wp","href":"https:\/\/api.w.org\/{rel}","templated":true}]}}