{"id":155965,"date":"2016-10-11T18:14:24","date_gmt":"2016-10-11T16:14:24","guid":{"rendered":"http:\/\/www.fuldaer-nachrichten.de\/?p=155965"},"modified":"2016-10-11T18:14:24","modified_gmt":"2016-10-11T16:14:24","slug":"examensfeier-abschluss-fuer-staatlich-anerkannte-altenpfleger-und-altenpflegehelfer","status":"publish","type":"post","link":"https:\/\/www.fuldaernachrichten.de\/?p=155965","title":{"rendered":"Examensfeier: Abschluss f\u00fcr staatlich anerkannte Altenpfleger und Altenpflegehelfer"},"content":{"rendered":"<p>Das Lernen hat sich gelohnt: F\u00fcr die 16 Sch\u00fclerinnen und Sch\u00fcler des 40. Kurses zum staatlich anerkannten Altenpfleger sind die Zukunftsaussichten bestens. Der Bedarf nach Pflegefachkr\u00e4ften ist hoch und steigt weiter \u2013 auch der nach Altenpflegehelfern. Diese einj\u00e4hrige Ausbildung haben neun Sch\u00fclerinnen und Sch\u00fcler ebenfalls erfolgreich abgeschlossen. Landrat Manfred G\u00f6rig, Schulleiter Thomas M\u00fcller und die Lehrkr\u00e4fte der Vogelsberger Pflegeakademie gratulierten den Absolventen zum Examen und hoben hervor, wie wichtig die Vermittlung von Fach- und Methodenkompetenz aber auch von Sozialkompetenz f\u00fcr eine qualitativ hochwertige, verantwortungsbewusste und professionelle Pflege sei.<\/p>\n<p>Die dreij\u00e4hrige Ausbildung umfasste 2200 Stunden theoretischen Unterricht und mindestens 2500 Stunden im praktischen Einsatz, wozu auch Praktika in den Bereichen Psychologie und Gerontologie z\u00e4hlen. Bei der einj\u00e4hrigen Ausbildung zum Altenpflegehelfer wurden 700 Stunden Theorie und 900 Stunden Praxis absolviert. Alle Pr\u00fcflinge haben f\u00fcr ihren Abschluss eine praktische, eine m\u00fcndliche und eine schriftliche Pr\u00fcfung abgelegt. Im Rahmen der sch\u00f6n gestalteten Examensfeier dankten die Klassenleitungen Elisabeth Flegar und Andreas Goldbach ihren Abg\u00e4ngern f\u00fcr die fruchtbare Zusammenarbeit an der Pflegeakademie, \u201emit H\u00f6hen und Tiefen\u201c.<\/p>\n<p>Weitere Informationen zur Altenpflegeschule gibt es unter 06631\/1320 oder www.vogelsberger-pflegeakademie.de<\/p>\n","protected":false},"excerpt":{"rendered":"<div class=\"tmnf_excerpt\"><p>Das Lernen hat sich gelohnt: F\u00fcr die 16 Sch\u00fclerinnen und Sch\u00fcler des 40. Kurses zum staatlich anerkannten Altenpfleger sind die Zukunftsaussichten bestens. Der Bedarf nach Pflegefachkr\u00e4ften ist hoch und steigt weiter \u2013 auch der nach Altenpflegehelfern. Diese einj\u00e4hrige Ausbildung haben neun Sch\u00fclerinnen und Sch\u00fcler ebenfalls erfolgreich abgeschlossen. Landrat Manfred G\u00f6rig, Schulleiter Thomas M\u00fcller und die &hellip;<\/p>\n<\/div>","protected":false},"author":1,"featured_media":155977,"comment_status":"closed","ping_status":"closed","sticky":false,"template":"","format":"standard","meta":{"footnotes":""},"categories":[1],"tags":[],"class_list":["post-155965","post","type-post","status-publish","format-standard","has-post-thumbnail","hentry","category-startseite"],"_links":{"self":[{"href":"https:\/\/www.fuldaernachrichten.de\/index.php?rest_route=\/wp\/v2\/posts\/155965","targetHints":{"allow":["GET"]}}],"collection":[{"href":"https:\/\/www.fuldaernachrichten.de\/index.php?rest_route=\/wp\/v2\/posts"}],"about":[{"href":"https:\/\/www.fuldaernachrichten.de\/index.php?rest_route=\/wp\/v2\/types\/post"}],"author":[{"embeddable":true,"href":"https:\/\/www.fuldaernachrichten.de\/index.php?rest_route=\/wp\/v2\/users\/1"}],"replies":[{"embeddable":true,"href":"https:\/\/www.fuldaernachrichten.de\/index.php?rest_route=%2Fwp%2Fv2%2Fcomments&post=155965"}],"version-history":[{"count":1,"href":"https:\/\/www.fuldaernachrichten.de\/index.php?rest_route=\/wp\/v2\/posts\/155965\/revisions"}],"predecessor-version":[{"id":155978,"href":"https:\/\/www.fuldaernachrichten.de\/index.php?rest_route=\/wp\/v2\/posts\/155965\/revisions\/155978"}],"wp:featuredmedia":[{"embeddable":true,"href":"https:\/\/www.fuldaernachrichten.de\/index.php?rest_route=\/wp\/v2\/media\/155977"}],"wp:attachment":[{"href":"https:\/\/www.fuldaernachrichten.de\/index.php?rest_route=%2Fwp%2Fv2%2Fmedia&parent=155965"}],"wp:term":[{"taxonomy":"category","embeddable":true,"href":"https:\/\/www.fuldaernachrichten.de\/index.php?rest_route=%2Fwp%2Fv2%2Fcategories&post=155965"},{"taxonomy":"post_tag","embeddable":true,"href":"https:\/\/www.fuldaernachrichten.de\/index.php?rest_route=%2Fwp%2Fv2%2Ftags&post=155965"}],"curies":[{"name":"wp","href":"https:\/\/api.w.org\/{rel}","templated":true}]}}