{"id":155963,"date":"2016-10-11T18:11:25","date_gmt":"2016-10-11T16:11:25","guid":{"rendered":"http:\/\/www.fuldaer-nachrichten.de\/?p=155963"},"modified":"2016-10-11T18:11:25","modified_gmt":"2016-10-11T16:11:25","slug":"vortrag-von-dr-volkmar-stein-im-heuson-museum","status":"publish","type":"post","link":"https:\/\/www.fuldaernachrichten.de\/?p=155963","title":{"rendered":"Vortrag von Dr. Volkmar Stein im Heuson-Museum"},"content":{"rendered":"<p>Am 11. Oktober um 19.00 Uhr referiert Dr. Volkmar Stein im Heuson-Museum \u00fcber das Thema \u201eEine Stadt ver\u00e4ndert sich und sucht ihre Zukunft\u201c. Mit dieser \u00dcberschrift\u00c2\u00a0 hat. Volkmar Stein den sechsten und abschlie\u00dfenden Vortrag zur Geschichte B\u00fcdingens \u00fcberschrieben. Darin wird er den Zeitraum vom Ende des Zweiten Weltkriegs bis etwa zur vergangenen Jahrtausendwende darstellen. Die Bev\u00f6lkerung \u2013 ihre Zahl und ihre Zusammensetzung \u2013, das Stadtbild, die politische Kultur, die Formen des Zusammenlebens, Werte und Normen, die wirtschaftliche Basis, die Zentralit\u00e4t der Stadt \u00e4nderten sich. Die meisten dieser \u00c4nderungen wurden von au\u00dfen erzwungen \u2013 durch den m\u00e4chtigen Strom nationaler, globaler Ereignisse und Zust\u00e4nde, gegen den es kein Halten gab.<\/p>\n<p>Aber es gab auch Kr\u00e4fte innerhalb der Stadt, die das Leben in B\u00fcdingen zu gestalten versuchten \u2013 B\u00fcrgermeister, politische Mehrheiten, Vereine, aufkommende B\u00fcrgerinitiativen, einzelne Personen. Vereinfachend k\u00f6nnte man f\u00fcr den gemeinten Zeitraum eine Gewinn- und Verlustrechnung aufmachen.<\/p>\n<p>Wie seine Vorg\u00e4nger wird sich der Vortrag in die Abschnitte \u201eAusgangslage\u201c \u2013 \u201eVer\u00e4nderungen\u201c \u2013 \u201eErgebnis\u201c gliedern. Aber diesmal, am Ende der Serie, wird die unumg\u00e4ngliche Frage nach der Zukunft angef\u00fcgt werden. Wohin kann und soll die Reise gehen? Die Antwort ist nicht einfach, und viele buchstabieren daran herum.<\/p>\n<p>Ganz zum Schluss des Vortrags und der Serie wird der Referent, der am \u00f6ffentlichen Leben der Stadt einige Jahrzehnte in mehreren Rollen teilnahm, sich erlauben, ein pers\u00f6nliches Fazit zu ziehen.<\/p>\n","protected":false},"excerpt":{"rendered":"<div class=\"tmnf_excerpt\"><p>Am 11. Oktober um 19.00 Uhr referiert Dr. Volkmar Stein im Heuson-Museum \u00fcber das Thema \u201eEine Stadt ver\u00e4ndert sich und sucht ihre Zukunft\u201c. Mit dieser \u00dcberschrift\u00c2\u00a0 hat. Volkmar Stein den sechsten und abschlie\u00dfenden Vortrag zur Geschichte B\u00fcdingens \u00fcberschrieben. Darin wird er den Zeitraum vom Ende des Zweiten Weltkriegs bis etwa zur vergangenen Jahrtausendwende darstellen. Die &hellip;<\/p>\n<\/div>","protected":false},"author":1,"featured_media":0,"comment_status":"closed","ping_status":"closed","sticky":false,"template":"","format":"standard","meta":{"footnotes":""},"categories":[1],"tags":[],"class_list":["post-155963","post","type-post","status-publish","format-standard","hentry","category-startseite"],"_links":{"self":[{"href":"https:\/\/www.fuldaernachrichten.de\/index.php?rest_route=\/wp\/v2\/posts\/155963","targetHints":{"allow":["GET"]}}],"collection":[{"href":"https:\/\/www.fuldaernachrichten.de\/index.php?rest_route=\/wp\/v2\/posts"}],"about":[{"href":"https:\/\/www.fuldaernachrichten.de\/index.php?rest_route=\/wp\/v2\/types\/post"}],"author":[{"embeddable":true,"href":"https:\/\/www.fuldaernachrichten.de\/index.php?rest_route=\/wp\/v2\/users\/1"}],"replies":[{"embeddable":true,"href":"https:\/\/www.fuldaernachrichten.de\/index.php?rest_route=%2Fwp%2Fv2%2Fcomments&post=155963"}],"version-history":[{"count":1,"href":"https:\/\/www.fuldaernachrichten.de\/index.php?rest_route=\/wp\/v2\/posts\/155963\/revisions"}],"predecessor-version":[{"id":155964,"href":"https:\/\/www.fuldaernachrichten.de\/index.php?rest_route=\/wp\/v2\/posts\/155963\/revisions\/155964"}],"wp:attachment":[{"href":"https:\/\/www.fuldaernachrichten.de\/index.php?rest_route=%2Fwp%2Fv2%2Fmedia&parent=155963"}],"wp:term":[{"taxonomy":"category","embeddable":true,"href":"https:\/\/www.fuldaernachrichten.de\/index.php?rest_route=%2Fwp%2Fv2%2Fcategories&post=155963"},{"taxonomy":"post_tag","embeddable":true,"href":"https:\/\/www.fuldaernachrichten.de\/index.php?rest_route=%2Fwp%2Fv2%2Ftags&post=155963"}],"curies":[{"name":"wp","href":"https:\/\/api.w.org\/{rel}","templated":true}]}}