{"id":155962,"date":"2016-10-11T18:14:04","date_gmt":"2016-10-11T16:14:04","guid":{"rendered":"http:\/\/www.fuldaer-nachrichten.de\/?p=155962"},"modified":"2016-10-11T18:14:04","modified_gmt":"2016-10-11T16:14:04","slug":"fahrer-der-deutschen-bischoefe-zum-50-mal-auf-dem-kreuzberg","status":"publish","type":"post","link":"https:\/\/www.fuldaernachrichten.de\/?p=155962","title":{"rendered":"Fahrer der deutschen Bisch\u00f6fe zum 50. Mal auf dem Kreuzberg"},"content":{"rendered":"<p>Jedes Jahr reisen die Fahrer der deutschen katholischen Bisch\u00f6fe mit ihren Dienstherren zur traditionellen Herbstvollversammlung der Bischofskonferenz nach Fulda. \u201eIn diesem Jahr besuchten wir zum 50. Mal den heiligen Berg der Franken\u201c, betont Klaus Hauger, Fahrer von Bischof Heinz Josef Algermissen und Gastgeber f\u00fcr seine Kollegen aus ganz Deutschland. Jedes Jahr organisiert Hauger ein Rahmenprogramm f\u00fcr die Chauffeure, die in der Zeit der Bischofskonferenz im Fuldaer Bonifatiushaus untergebracht sind. \u201eZu dem besonderen Jubil\u00e4um kamen auch 19 ehemalige Bischofsfahrer, alles Ruhest\u00e4ndler, angereist, um mit uns zu feiern.\u201c Nach dem morgendlichen Fr\u00fchst\u00fcck ging es f\u00fcr einen Teil mit dem Zug nach Gersfeld, und von dort wurde auf den Kreuzberg gepilgert. \u201eIn der Klosterkirche durchschritten wir die Heilige Pforte. Mit Pater Urban beteten wir und sangen Lieder, ehe er der Fahrergemeinschaft eine immer sichere Heimkehr w\u00fcnschte und uns den Segen gab.\u201c Danach kamen die Fahrer mit den Franziskanern im Refektorium zum Gespr\u00e4ch zusammen. F\u00fcr lebende und verstorbene Bischofsfahrer wurde am letzten Tag der Bischofskonferenz in der Michaelskirche mit Jugendpfarrer Thomas Renze eine Hl. Messe gefeiert, die mit dem Reliquiensegen des hl. Bonifatius endete.<\/p>\n","protected":false},"excerpt":{"rendered":"<div class=\"tmnf_excerpt\"><p>Jedes Jahr reisen die Fahrer der deutschen katholischen Bisch\u00f6fe mit ihren Dienstherren zur traditionellen Herbstvollversammlung der Bischofskonferenz nach Fulda. \u201eIn diesem Jahr besuchten wir zum 50. Mal den heiligen Berg der Franken\u201c, betont Klaus Hauger, Fahrer von Bischof Heinz Josef Algermissen und Gastgeber f\u00fcr seine Kollegen aus ganz Deutschland. Jedes Jahr organisiert Hauger ein Rahmenprogramm &hellip;<\/p>\n<\/div>","protected":false},"author":1,"featured_media":155971,"comment_status":"closed","ping_status":"closed","sticky":false,"template":"","format":"standard","meta":{"footnotes":""},"categories":[1],"tags":[],"class_list":["post-155962","post","type-post","status-publish","format-standard","has-post-thumbnail","hentry","category-startseite"],"_links":{"self":[{"href":"https:\/\/www.fuldaernachrichten.de\/index.php?rest_route=\/wp\/v2\/posts\/155962","targetHints":{"allow":["GET"]}}],"collection":[{"href":"https:\/\/www.fuldaernachrichten.de\/index.php?rest_route=\/wp\/v2\/posts"}],"about":[{"href":"https:\/\/www.fuldaernachrichten.de\/index.php?rest_route=\/wp\/v2\/types\/post"}],"author":[{"embeddable":true,"href":"https:\/\/www.fuldaernachrichten.de\/index.php?rest_route=\/wp\/v2\/users\/1"}],"replies":[{"embeddable":true,"href":"https:\/\/www.fuldaernachrichten.de\/index.php?rest_route=%2Fwp%2Fv2%2Fcomments&post=155962"}],"version-history":[{"count":1,"href":"https:\/\/www.fuldaernachrichten.de\/index.php?rest_route=\/wp\/v2\/posts\/155962\/revisions"}],"predecessor-version":[{"id":155976,"href":"https:\/\/www.fuldaernachrichten.de\/index.php?rest_route=\/wp\/v2\/posts\/155962\/revisions\/155976"}],"wp:featuredmedia":[{"embeddable":true,"href":"https:\/\/www.fuldaernachrichten.de\/index.php?rest_route=\/wp\/v2\/media\/155971"}],"wp:attachment":[{"href":"https:\/\/www.fuldaernachrichten.de\/index.php?rest_route=%2Fwp%2Fv2%2Fmedia&parent=155962"}],"wp:term":[{"taxonomy":"category","embeddable":true,"href":"https:\/\/www.fuldaernachrichten.de\/index.php?rest_route=%2Fwp%2Fv2%2Fcategories&post=155962"},{"taxonomy":"post_tag","embeddable":true,"href":"https:\/\/www.fuldaernachrichten.de\/index.php?rest_route=%2Fwp%2Fv2%2Ftags&post=155962"}],"curies":[{"name":"wp","href":"https:\/\/api.w.org\/{rel}","templated":true}]}}