{"id":155960,"date":"2016-10-11T18:11:45","date_gmt":"2016-10-11T16:11:45","guid":{"rendered":"http:\/\/www.fuldaer-nachrichten.de\/?p=155960"},"modified":"2016-10-11T18:11:45","modified_gmt":"2016-10-11T16:11:45","slug":"480-jahre-politische-erfahrung-im-cdu-gemeindeverband-petersberg-geehrt","status":"publish","type":"post","link":"https:\/\/www.fuldaernachrichten.de\/?p=155960","title":{"rendered":"480 Jahre politische Erfahrung im CDU Gemeindeverband Petersberg geehrt"},"content":{"rendered":"<p>In diesem Jahr standen auf der Mitgliederversammlung des CDU Gemeindeverband Petersberg nicht die Wahlen von Delegierten f\u00fcr die Kreisparteitage, der Rechenschaftsbericht des Vorstandes oder der Bericht aus der CDU Fraktion in der Gemeindevertretung Petersberg im Mittelpunkt. Sondern der Generalsekret\u00e4r der CDU Hessen Manfred Pentz (MdL), der Kreisvorsitzende Dr. Walter Arnold (MdL) und der Petersberger Landtagsabgeordnete Markus Meysner waren gekommen, um die langj\u00e4hrigen Mitglieder des Gemeindeverbandes f\u00fcr ihren Einsatz und ihre Treue zur CDU zu ehren.<\/p>\n<p>480 Jahre politische Erfahrung waren an diesem Abend im Rauschenbergzimmer des Petersberger Propsteihauses versammelt. Dabei standen zwei Ehrungen mit zusammen 110 Jahren besonders im Fokus. Der Ehrenvorsitzende des Gemeindeverbandes und langj\u00e4hrige Vorsitzende Ulrich Frei wurde f\u00fcr seine 60-j\u00e4hrige Mitgliedschaft in der CDU geehrt. Manfred Pentz betonte in seiner Ansprache den engagierten Einsatz \u00fcber viele Jahrzehnte und sprach Frei seinen Dank und seine Anerkennung aus. Hartwig Blum, der Vorsitzende des Gemeindeverbandes, erinnerte sich an den Start seines politischen Engagements, das mit einem Gespr\u00e4ch bei Frei begann. Das Miteinander und die gemeinsame politische Arbeit, sagte Frei im Anschluss an die Ehrung, seien bis heute Grund und Motivation f\u00fcr seinen Einsatz in und f\u00fcr die CDU. Seit 50 Jahren ist der 1. Beigeordnete der Gemeinde Petersberg Georg Amshoff in der CDU aktiv. Pentz dankte Amshoff f\u00fcr sein langes kommunalpolitisches Engagement und hob hervor, dass er sich bereits seit 1990 ununterbrochen f\u00fcr die B\u00fcrger der Gemeinde engagiert. F\u00fcr ihre 40-j\u00e4hrige Mitgliedschaft wurden an diesem Abend Johannes Arnold, Helmut Eckard, Rolf Finger, Frank Hartmann, Hubert Herr, Dr. Horst Reichwein, Edgar Sch\u00e4fer und Hermann Josef Walk geehrt. Seit 25 Jahren sind Josef Bug und Peter Ceming Mitglied der CDU. Pentz und Blum w\u00fcrdigten die Verdienste der Geehrten und machten deutlich, dass die Unterst\u00fctzung der CDU \u00fcber so viele Jahre ein besonderes Zeichen der Verbundenheit sei. Durch ihren Einsatz f\u00fcr die Partei und in ihren politischen \u00c4mtern h\u00e4tten sie die CDU, die Gemeinde und den Landkreis positiv gepr\u00e4gt und auf den richtigen Kurs gebracht. So konnte der Gemeindeverband die absolute Mehrheit in der Gemeindevertretung bei der Kommunalwahl im M\u00e4rz trotz Verlusten wieder gewinnen. Die damit verbundene Verantwortung f\u00fcr die Zukunft sprach der neue Faktionsvorsitzende Roland Balzer in seinem Bericht an. Er verwies auf bereits erzielte Erfolge, wie die anstehende Schaffung von barrierefreien Fu\u00dfg\u00e4nger\u00fcberwegen in den Tempo-30-Zonen der Gemeinde und pr\u00e4sentierte das neue Mitteilungsblatt des CDU Gemeindeverbandes, den \u201ePropsteibote\u201c, das ab Herbst regelm\u00e4\u00dfig herausgegeben werden soll.<\/p>\n","protected":false},"excerpt":{"rendered":"<div class=\"tmnf_excerpt\"><p>In diesem Jahr standen auf der Mitgliederversammlung des CDU Gemeindeverband Petersberg nicht die Wahlen von Delegierten f\u00fcr die Kreisparteitage, der Rechenschaftsbericht des Vorstandes oder der Bericht aus der CDU Fraktion in der Gemeindevertretung Petersberg im Mittelpunkt. Sondern der Generalsekret\u00e4r der CDU Hessen Manfred Pentz (MdL), der Kreisvorsitzende Dr. Walter Arnold (MdL) und der Petersberger Landtagsabgeordnete &hellip;<\/p>\n<\/div>","protected":false},"author":1,"featured_media":0,"comment_status":"closed","ping_status":"closed","sticky":false,"template":"","format":"standard","meta":{"footnotes":""},"categories":[1],"tags":[],"class_list":["post-155960","post","type-post","status-publish","format-standard","hentry","category-startseite"],"_links":{"self":[{"href":"https:\/\/www.fuldaernachrichten.de\/index.php?rest_route=\/wp\/v2\/posts\/155960","targetHints":{"allow":["GET"]}}],"collection":[{"href":"https:\/\/www.fuldaernachrichten.de\/index.php?rest_route=\/wp\/v2\/posts"}],"about":[{"href":"https:\/\/www.fuldaernachrichten.de\/index.php?rest_route=\/wp\/v2\/types\/post"}],"author":[{"embeddable":true,"href":"https:\/\/www.fuldaernachrichten.de\/index.php?rest_route=\/wp\/v2\/users\/1"}],"replies":[{"embeddable":true,"href":"https:\/\/www.fuldaernachrichten.de\/index.php?rest_route=%2Fwp%2Fv2%2Fcomments&post=155960"}],"version-history":[{"count":1,"href":"https:\/\/www.fuldaernachrichten.de\/index.php?rest_route=\/wp\/v2\/posts\/155960\/revisions"}],"predecessor-version":[{"id":155966,"href":"https:\/\/www.fuldaernachrichten.de\/index.php?rest_route=\/wp\/v2\/posts\/155960\/revisions\/155966"}],"wp:attachment":[{"href":"https:\/\/www.fuldaernachrichten.de\/index.php?rest_route=%2Fwp%2Fv2%2Fmedia&parent=155960"}],"wp:term":[{"taxonomy":"category","embeddable":true,"href":"https:\/\/www.fuldaernachrichten.de\/index.php?rest_route=%2Fwp%2Fv2%2Fcategories&post=155960"},{"taxonomy":"post_tag","embeddable":true,"href":"https:\/\/www.fuldaernachrichten.de\/index.php?rest_route=%2Fwp%2Fv2%2Ftags&post=155960"}],"curies":[{"name":"wp","href":"https:\/\/api.w.org\/{rel}","templated":true}]}}