{"id":155953,"date":"2016-10-09T14:45:10","date_gmt":"2016-10-09T12:45:10","guid":{"rendered":"http:\/\/www.fuldaer-nachrichten.de\/?p=155953"},"modified":"2016-10-09T14:45:10","modified_gmt":"2016-10-09T12:45:10","slug":"30-berufsneulinge-nun-drei-jahre-lang-schuelerinnen-und-schueler-der-caritas-altenpflegeschule-fulda","status":"publish","type":"post","link":"https:\/\/www.fuldaernachrichten.de\/?p=155953","title":{"rendered":"30 Berufsneulinge nun drei Jahre lang Sch\u00fclerinnen und Sch\u00fcler der Caritas-Altenpflegeschule Fulda"},"content":{"rendered":"<p>Neues Terrain f\u00fcr Sch\u00fclerinnen, Sch\u00fcler und auch Kursleiterin Barbara Burkhardt: Zum Start des neuen dreij\u00e4hrigen Altenpflegekurses wurden die Neulinge in der Aula des Caritas-Komplexes in der Ratgarstra\u00dfe durch Schulleiterin Dajana Herbst herzlich begr\u00fc\u00dft. Barbara Burkhardt wird die neue Klasse durch das dreij\u00e4hrige Curriculum hin zu examinierten Aktenpfleger\/innen begleiten. Die praktische Ausbildung erhalten die angehenden Pflegekr\u00e4fte in\u00c2\u00a0 zahlreichen Einrichtungen der Region, mit denen die Caritas-Schule kooperiert.<\/p>\n<p>Unser Foto (Kursleiterin und Schulleiterin links au\u00dfen im Bild) entstand nach der Begr\u00fc\u00dfung durch Schulleiterin Herbst. Infos zur Altenpflege-Ausbildung: www.caritas-altenpflegeschule-fulda.de.<\/p>\n","protected":false},"excerpt":{"rendered":"<div class=\"tmnf_excerpt\"><p>Neues Terrain f\u00fcr Sch\u00fclerinnen, Sch\u00fcler und auch Kursleiterin Barbara Burkhardt: Zum Start des neuen dreij\u00e4hrigen Altenpflegekurses wurden die Neulinge in der Aula des Caritas-Komplexes in der Ratgarstra\u00dfe durch Schulleiterin Dajana Herbst herzlich begr\u00fc\u00dft. Barbara Burkhardt wird die neue Klasse durch das dreij\u00e4hrige Curriculum hin zu examinierten Aktenpfleger\/innen begleiten. Die praktische Ausbildung erhalten die angehenden Pflegekr\u00e4fte &hellip;<\/p>\n<\/div>","protected":false},"author":1,"featured_media":155956,"comment_status":"closed","ping_status":"closed","sticky":false,"template":"","format":"standard","meta":{"footnotes":""},"categories":[1],"tags":[],"class_list":["post-155953","post","type-post","status-publish","format-standard","has-post-thumbnail","hentry","category-startseite"],"_links":{"self":[{"href":"https:\/\/www.fuldaernachrichten.de\/index.php?rest_route=\/wp\/v2\/posts\/155953","targetHints":{"allow":["GET"]}}],"collection":[{"href":"https:\/\/www.fuldaernachrichten.de\/index.php?rest_route=\/wp\/v2\/posts"}],"about":[{"href":"https:\/\/www.fuldaernachrichten.de\/index.php?rest_route=\/wp\/v2\/types\/post"}],"author":[{"embeddable":true,"href":"https:\/\/www.fuldaernachrichten.de\/index.php?rest_route=\/wp\/v2\/users\/1"}],"replies":[{"embeddable":true,"href":"https:\/\/www.fuldaernachrichten.de\/index.php?rest_route=%2Fwp%2Fv2%2Fcomments&post=155953"}],"version-history":[{"count":1,"href":"https:\/\/www.fuldaernachrichten.de\/index.php?rest_route=\/wp\/v2\/posts\/155953\/revisions"}],"predecessor-version":[{"id":155957,"href":"https:\/\/www.fuldaernachrichten.de\/index.php?rest_route=\/wp\/v2\/posts\/155953\/revisions\/155957"}],"wp:featuredmedia":[{"embeddable":true,"href":"https:\/\/www.fuldaernachrichten.de\/index.php?rest_route=\/wp\/v2\/media\/155956"}],"wp:attachment":[{"href":"https:\/\/www.fuldaernachrichten.de\/index.php?rest_route=%2Fwp%2Fv2%2Fmedia&parent=155953"}],"wp:term":[{"taxonomy":"category","embeddable":true,"href":"https:\/\/www.fuldaernachrichten.de\/index.php?rest_route=%2Fwp%2Fv2%2Fcategories&post=155953"},{"taxonomy":"post_tag","embeddable":true,"href":"https:\/\/www.fuldaernachrichten.de\/index.php?rest_route=%2Fwp%2Fv2%2Ftags&post=155953"}],"curies":[{"name":"wp","href":"https:\/\/api.w.org\/{rel}","templated":true}]}}