{"id":155944,"date":"2016-10-09T14:44:16","date_gmt":"2016-10-09T12:44:16","guid":{"rendered":"http:\/\/www.fuldaer-nachrichten.de\/?p=155944"},"modified":"2016-10-09T14:44:16","modified_gmt":"2016-10-09T12:44:16","slug":"verabschiedung-der-11-absolventen-der-berufsakademie-fulda","status":"publish","type":"post","link":"https:\/\/www.fuldaernachrichten.de\/?p=155944","title":{"rendered":"Verabschiedung der 11 Absolventen der Berufsakademie Fulda"},"content":{"rendered":"<p>\u201eWas ist das Erfolgskonzept des dualen Studiums?\u201c Mit dieser Frage leitete Prof. Dr. Lothar Jordan seine Rede anl\u00e4sslich der Verabschiedung der Absolventen der Berufsakademie Fulda ein. \u201eSie erwerben akademisches Know-how und sammeln wertvolle Berufserfahrung. Sie haben einen staatlich anerkannten Bachelor-Titel in der Tasche und sind damit begehrte Nachwuchskr\u00e4fte.\u201c Doch dar\u00fcber hinaus, so verdeutlichte Dr. Jordan, seien BA-Studenten \u00fcber Ma\u00dfen belastbar, verf\u00fcgten \u00fcber ein exzellentes Zeitmanagement und zeichneten sich durch hohe Flexibilit\u00e4t aus. \u201eSie haben das duale Studium als optimale Chance verstanden. Jetzt k\u00f6nnen Sie sich \u00fcber echte Arbeitsmarkt- und Karrierechancen freuen.\u201c Zum Stichwort Gl\u00fcck zitierte der Inhaber des gleichnamigen privaten Bildungsunternehmens Eckart von Hirschhausen: \u201eWer sein Hobby zum Beruf macht, muss nie mehr arbeiten\u201c \u2013 vielleicht ist Ihnen das ja bereits gelungen.\u201c Zustimmung erhielten die Absolventen dazu auch von ihrem Studienleiter, Prof. Dr. Andreas Buschmeyer: \u201eSie sind hervorragend auf Ihre bevorstehenden Aufgaben vorbereitet.\u201c Dass insbesondere das Studium \u201eMittelstandsmanagement\u201c das R\u00fcckgrat f\u00fcr die Wirtschaft in der Region Fulda sei\u201c, betonte IHK-Hauptgesch\u00e4ftsf\u00fchrer Stefan Schunk. Studiensprecherin Theresa Herbert lie\u00df die gemeinsamen drei Jahre Revue passieren und lobte insbesondere den Zusammenhalt in der kleinen Studiengruppe. Besonders geehrt wurde als Jahrgangsbeste Victoria Lauer.<br \/>\nBU: Nach dem BA-Abschluss beste Karrierechancen: Die Absolventen mit IHK-Hauptgesch\u00e4ftsf\u00fchrer Stefan Schunk, Studienleiter Prof. Dr. Andreas Buschmeier und Prof. Dr. Lothar Jordan (von links).<\/p>\n<p>Studenten + Partnerbetriebe<br \/>\nDennis Handwerk, engelbert Strauss GmbH &amp; Co. KG<br \/>\nLena-Mareen Helmer, R + S solutions Holding AG<br \/>\nTheresa Herbert, engelbert Strauss GmbH &amp; Co. KG<br \/>\nFrank Michael Hilpert, Hilpert GmbH &amp; Co. KG<br \/>\nMaximilian Keil, Milupa GmbH<br \/>\nOliver Krenzer, Franz Carl N\u00fcdling Basaltwerke GmbH &amp; Co. KG<br \/>\nVictoria Lauer, engelbert Strauss GmbH &amp; Co. KG<br \/>\nNiko Neuhof, Lampenwelt GmbH<br \/>\nRoxanne Plappert, Das Sporthaus im Kohlh\u00e4userfeld<br \/>\nMelanie Sch\u00e4fer, IHK-Fulda<br \/>\nSebastian Sch\u00e4fer, Mack Mountain Sport<\/p>\n","protected":false},"excerpt":{"rendered":"<div class=\"tmnf_excerpt\"><p>\u201eWas ist das Erfolgskonzept des dualen Studiums?\u201c Mit dieser Frage leitete Prof. Dr. Lothar Jordan seine Rede anl\u00e4sslich der Verabschiedung der Absolventen der Berufsakademie Fulda ein. \u201eSie erwerben akademisches Know-how und sammeln wertvolle Berufserfahrung. Sie haben einen staatlich anerkannten Bachelor-Titel in der Tasche und sind damit begehrte Nachwuchskr\u00e4fte.\u201c Doch dar\u00fcber hinaus, so verdeutlichte Dr. Jordan, &hellip;<\/p>\n<\/div>","protected":false},"author":1,"featured_media":155954,"comment_status":"closed","ping_status":"closed","sticky":false,"template":"","format":"standard","meta":{"footnotes":""},"categories":[1],"tags":[],"class_list":["post-155944","post","type-post","status-publish","format-standard","has-post-thumbnail","hentry","category-startseite"],"_links":{"self":[{"href":"https:\/\/www.fuldaernachrichten.de\/index.php?rest_route=\/wp\/v2\/posts\/155944","targetHints":{"allow":["GET"]}}],"collection":[{"href":"https:\/\/www.fuldaernachrichten.de\/index.php?rest_route=\/wp\/v2\/posts"}],"about":[{"href":"https:\/\/www.fuldaernachrichten.de\/index.php?rest_route=\/wp\/v2\/types\/post"}],"author":[{"embeddable":true,"href":"https:\/\/www.fuldaernachrichten.de\/index.php?rest_route=\/wp\/v2\/users\/1"}],"replies":[{"embeddable":true,"href":"https:\/\/www.fuldaernachrichten.de\/index.php?rest_route=%2Fwp%2Fv2%2Fcomments&post=155944"}],"version-history":[{"count":1,"href":"https:\/\/www.fuldaernachrichten.de\/index.php?rest_route=\/wp\/v2\/posts\/155944\/revisions"}],"predecessor-version":[{"id":155955,"href":"https:\/\/www.fuldaernachrichten.de\/index.php?rest_route=\/wp\/v2\/posts\/155944\/revisions\/155955"}],"wp:featuredmedia":[{"embeddable":true,"href":"https:\/\/www.fuldaernachrichten.de\/index.php?rest_route=\/wp\/v2\/media\/155954"}],"wp:attachment":[{"href":"https:\/\/www.fuldaernachrichten.de\/index.php?rest_route=%2Fwp%2Fv2%2Fmedia&parent=155944"}],"wp:term":[{"taxonomy":"category","embeddable":true,"href":"https:\/\/www.fuldaernachrichten.de\/index.php?rest_route=%2Fwp%2Fv2%2Fcategories&post=155944"},{"taxonomy":"post_tag","embeddable":true,"href":"https:\/\/www.fuldaernachrichten.de\/index.php?rest_route=%2Fwp%2Fv2%2Ftags&post=155944"}],"curies":[{"name":"wp","href":"https:\/\/api.w.org\/{rel}","templated":true}]}}