{"id":155940,"date":"2016-10-09T14:41:17","date_gmt":"2016-10-09T12:41:17","guid":{"rendered":"http:\/\/www.fuldaer-nachrichten.de\/?p=155940"},"modified":"2016-10-09T14:41:17","modified_gmt":"2016-10-09T12:41:17","slug":"buendnis-90die-gruenen-kv-fulda-zur-wahl-von-guenther-bury-als-aufsichtsratsvorsitzenden-der-energiegenossenschaft","status":"publish","type":"post","link":"https:\/\/www.fuldaernachrichten.de\/?p=155940","title":{"rendered":"B\u00dcNDNIS 90\/DIE GR\u00dcNEN KV Fulda zur Wahl von G\u00fcnther Bury als Aufsichtsratsvorsitzenden der Energiegenossenschaft"},"content":{"rendered":"<p>Der Kreisverband von B\u00fcndnis 90\/Die Gr\u00fcnen gratuliert G\u00fcnter Bury zu seiner Wahl als Aufsichtsratsvorsitzendem der Eichenzeller Energiegenossenschaft. \u201eWenn uns vor wenigen Jahren jemand prophezeit h\u00e4tte, dass ausgerechnet G\u00fcnter Bury Aufsichtsratsvorsitzender der\u00c2\u00a0\u00c2\u00a0 Energiegenossenschaft werden w\u00fcrde, h\u00e4tten wir \u2013 unabh\u00e4ngig vom konkreten Datum &#8211; an einen Aprilscherz geglaubt\u201c, sagt der Sprecher des Kreisverbandes, Ralf Zwengel. \u201eDass dem nun tats\u00e4chlich so ist, zeigt, dass die Energiegenossenschaft damit auf dem besten Wege ist, die Energiewende im Kreis Fulda, also dezentral in B\u00fcrger*innenhand, voranzutreiben, nachdem die Rh\u00f6n-Energie sich offensichtlich aus der Energiewende verabschiedet hat.<\/p>\n<p>Auf diesem Weg unterst\u00fctzen wir die Energiegenossenschaft und sind uns auch sehr sicher, dass Herr Bury und nat\u00fcrlich alle Eichenzeller Energiegenoss*innen dieses Unternehmen zielstrebig und tatkr\u00e4ftig vorantreiben werden. Daf\u00fcr w\u00fcnschen wir der Energiegenossenschaft Eichenzell\u00c2\u00a0 mit G\u00fcnter Bury an der Spitze des Aufsichtsrates viel Erfolg!\u201c<\/p>\n","protected":false},"excerpt":{"rendered":"<div class=\"tmnf_excerpt\"><p>Der Kreisverband von B\u00fcndnis 90\/Die Gr\u00fcnen gratuliert G\u00fcnter Bury zu seiner Wahl als Aufsichtsratsvorsitzendem der Eichenzeller Energiegenossenschaft. \u201eWenn uns vor wenigen Jahren jemand prophezeit h\u00e4tte, dass ausgerechnet G\u00fcnter Bury Aufsichtsratsvorsitzender der\u00c2\u00a0\u00c2\u00a0 Energiegenossenschaft werden w\u00fcrde, h\u00e4tten wir \u2013 unabh\u00e4ngig vom konkreten Datum &#8211; an einen Aprilscherz geglaubt\u201c, sagt der Sprecher des Kreisverbandes, Ralf Zwengel. \u201eDass dem &hellip;<\/p>\n<\/div>","protected":false},"author":1,"featured_media":0,"comment_status":"closed","ping_status":"closed","sticky":false,"template":"","format":"standard","meta":{"footnotes":""},"categories":[1],"tags":[],"class_list":["post-155940","post","type-post","status-publish","format-standard","hentry","category-startseite"],"_links":{"self":[{"href":"https:\/\/www.fuldaernachrichten.de\/index.php?rest_route=\/wp\/v2\/posts\/155940","targetHints":{"allow":["GET"]}}],"collection":[{"href":"https:\/\/www.fuldaernachrichten.de\/index.php?rest_route=\/wp\/v2\/posts"}],"about":[{"href":"https:\/\/www.fuldaernachrichten.de\/index.php?rest_route=\/wp\/v2\/types\/post"}],"author":[{"embeddable":true,"href":"https:\/\/www.fuldaernachrichten.de\/index.php?rest_route=\/wp\/v2\/users\/1"}],"replies":[{"embeddable":true,"href":"https:\/\/www.fuldaernachrichten.de\/index.php?rest_route=%2Fwp%2Fv2%2Fcomments&post=155940"}],"version-history":[{"count":1,"href":"https:\/\/www.fuldaernachrichten.de\/index.php?rest_route=\/wp\/v2\/posts\/155940\/revisions"}],"predecessor-version":[{"id":155941,"href":"https:\/\/www.fuldaernachrichten.de\/index.php?rest_route=\/wp\/v2\/posts\/155940\/revisions\/155941"}],"wp:attachment":[{"href":"https:\/\/www.fuldaernachrichten.de\/index.php?rest_route=%2Fwp%2Fv2%2Fmedia&parent=155940"}],"wp:term":[{"taxonomy":"category","embeddable":true,"href":"https:\/\/www.fuldaernachrichten.de\/index.php?rest_route=%2Fwp%2Fv2%2Fcategories&post=155940"},{"taxonomy":"post_tag","embeddable":true,"href":"https:\/\/www.fuldaernachrichten.de\/index.php?rest_route=%2Fwp%2Fv2%2Ftags&post=155940"}],"curies":[{"name":"wp","href":"https:\/\/api.w.org\/{rel}","templated":true}]}}