{"id":155930,"date":"2016-10-09T14:40:28","date_gmt":"2016-10-09T12:40:28","guid":{"rendered":"http:\/\/www.fuldaer-nachrichten.de\/?p=155930"},"modified":"2016-10-09T14:40:28","modified_gmt":"2016-10-09T12:40:28","slug":"10-jahre-chor-chorisma-huenhan","status":"publish","type":"post","link":"https:\/\/www.fuldaernachrichten.de\/?p=155930","title":{"rendered":"10 Jahre Chor Chorisma H\u00fcnhan"},"content":{"rendered":"<p>AmSamstag, dem 15. Okt. 2016 feiert der H\u00fcnhaner Chor Chorisma um 17.00 Uhr sein 10-j\u00e4hriges Bestehen mit einem Jubil\u00e4umskonzert in der St. Andreas Kirche zu H\u00fcnhan. Mit einem kirchlichen und weltlichen Programm aus den letzten 10 Jahren unter der Leitung von Tina Reith-G\u00f6b, erwartet die Besucher ein anspruchsvolles Konzert.<\/p>\n<p>Weiterhin wirken mit: Der argentinische Musiker Tony Osanah, Katharina G\u00e4rtner (Klavier) und Ulrike Gutberlet (Querfl\u00f6te). Der Eintritt betr\u00e4gt 6.00 Euro. Karten gibt es beim Gummib\u00e4rchenladen,H\u00fcnfeld, Euronics XXL Kurzer, Burghaun und an der Shell-Tankstelle, H\u00fcnfeld. Gegr\u00fcndet wurde der gemischte Chor im Jahre 2006 zur Zukunftsicherung des H\u00fcnhaner Chorwesens. Die erste offizielle Probe war am 20.04.16 mit\u00c2\u00a0 zwanzig Personen in der H\u00fcnhaner S\u00e4ngerburg.<\/p>\n<p>Heute kommen 30 S\u00e4ngerinnen und S\u00e4nger aus Sargenzell, Mackenzell, H\u00fcnhan und Umgebung\u00c2\u00a0 zur w\u00f6chentlichen Probe in die Gastst\u00e4tte Aha nach H\u00fcnfeld.<\/p>\n","protected":false},"excerpt":{"rendered":"<div class=\"tmnf_excerpt\"><p>AmSamstag, dem 15. Okt. 2016 feiert der H\u00fcnhaner Chor Chorisma um 17.00 Uhr sein 10-j\u00e4hriges Bestehen mit einem Jubil\u00e4umskonzert in der St. Andreas Kirche zu H\u00fcnhan. Mit einem kirchlichen und weltlichen Programm aus den letzten 10 Jahren unter der Leitung von Tina Reith-G\u00f6b, erwartet die Besucher ein anspruchsvolles Konzert. Weiterhin wirken mit: Der argentinische Musiker &hellip;<\/p>\n<\/div>","protected":false},"author":1,"featured_media":0,"comment_status":"closed","ping_status":"closed","sticky":false,"template":"","format":"standard","meta":{"footnotes":""},"categories":[1],"tags":[],"class_list":["post-155930","post","type-post","status-publish","format-standard","hentry","category-startseite"],"_links":{"self":[{"href":"https:\/\/www.fuldaernachrichten.de\/index.php?rest_route=\/wp\/v2\/posts\/155930","targetHints":{"allow":["GET"]}}],"collection":[{"href":"https:\/\/www.fuldaernachrichten.de\/index.php?rest_route=\/wp\/v2\/posts"}],"about":[{"href":"https:\/\/www.fuldaernachrichten.de\/index.php?rest_route=\/wp\/v2\/types\/post"}],"author":[{"embeddable":true,"href":"https:\/\/www.fuldaernachrichten.de\/index.php?rest_route=\/wp\/v2\/users\/1"}],"replies":[{"embeddable":true,"href":"https:\/\/www.fuldaernachrichten.de\/index.php?rest_route=%2Fwp%2Fv2%2Fcomments&post=155930"}],"version-history":[{"count":1,"href":"https:\/\/www.fuldaernachrichten.de\/index.php?rest_route=\/wp\/v2\/posts\/155930\/revisions"}],"predecessor-version":[{"id":155937,"href":"https:\/\/www.fuldaernachrichten.de\/index.php?rest_route=\/wp\/v2\/posts\/155930\/revisions\/155937"}],"wp:attachment":[{"href":"https:\/\/www.fuldaernachrichten.de\/index.php?rest_route=%2Fwp%2Fv2%2Fmedia&parent=155930"}],"wp:term":[{"taxonomy":"category","embeddable":true,"href":"https:\/\/www.fuldaernachrichten.de\/index.php?rest_route=%2Fwp%2Fv2%2Fcategories&post=155930"},{"taxonomy":"post_tag","embeddable":true,"href":"https:\/\/www.fuldaernachrichten.de\/index.php?rest_route=%2Fwp%2Fv2%2Ftags&post=155930"}],"curies":[{"name":"wp","href":"https:\/\/api.w.org\/{rel}","templated":true}]}}