{"id":155921,"date":"2016-10-07T09:34:21","date_gmt":"2016-10-07T07:34:21","guid":{"rendered":"http:\/\/www.fuldaer-nachrichten.de\/?p=155921"},"modified":"2016-10-07T09:34:21","modified_gmt":"2016-10-07T07:34:21","slug":"fluechtige-seelen-menschen-mit-traumata-und-traeumen-fachtag-am-24-november-in-ulrichstein","status":"publish","type":"post","link":"https:\/\/www.fuldaernachrichten.de\/?p=155921","title":{"rendered":"\u201eFl\u00fcchtige Seelen\u201c \u2013 Menschen mit Traumata und Tr\u00e4umen Fachtag am 24. November in Ulrichstein"},"content":{"rendered":"<p>Mitarbeiter vieler Institutionen, Fachabteilungen in \u00c4mtern oder Verwaltungen sowie weitere Professionelle und Ehrenamtliche haben im vergangenen Jahr \u2013 jeder auf ganz eigene Art und Weise \u2013 Erfahrungen mit gefl\u00fcchteten Menschen gesammelt. Der Fachtag mit dem Titel \u201eFl\u00fcchtige Seelen \u2013 Menschen mit Traumata und Tr\u00e4umen\u201c am 24. November in Ulrichstein nimmt sich diesen Erfahrungen an: Vortr\u00e4ge und Workshops wie \u201eFlucht aus dem B\u00fcrgerkrieg \u2013 Traum und Wirklichkeit\u201c, \u201eMeine Seele ist auf der Flucht stehen geblieben\u201c oder \u201eTraumatische Erfahrungen von Gefl\u00fcchteten und ihre Folgen\u201c beleuchten die Interaktion von K\u00f6rper und Psyche bei Flucht und Migration oder behandeln Konzepte und Ergebnisse der Traumaforschung sowie \u00dcberlegungen zur Betreuung von Gefl\u00fcchteten.<\/p>\n<p>Der Fachtag wird veranstaltet vom B\u00fcndnis f\u00fcr Familie, der Fachstelle gegen sexualisierte Gewalt an Kindern und Jugendlichen, der Fachstelle f\u00fcr Frauen und Kinder in Not, der WIR-Koordinatorin, der Osthessischen Initiative gegen Gewalt im Namen der Ehre und der Beauftragten f\u00fcr Integration, Inklusion und Gleichstellung. Eine Akkreditierung des Fachtages f\u00fcr \u00c4rzte, Psychotherapeuten und Lehrer ist vorgesehen, um Anmeldung wird gebeten an: Kreisverwaltung, Sandra Obenhack, Goldhelg 20, 36341 Lauterbach, oder per Mail an sandra.obenhack@vogelsbergkreis.de. Faltbl\u00e4tter zum Fachtag sind in der Kreisverwaltung Lauterbach und Alsfeld sowie bei den Kommunen erh\u00e4ltlich, au\u00dferdem als PDF auf den Seiten www.vogelsbergkreis.de und www.vogelsberg-familienfreundlich.de.<\/p>\n","protected":false},"excerpt":{"rendered":"<div class=\"tmnf_excerpt\"><p>Mitarbeiter vieler Institutionen, Fachabteilungen in \u00c4mtern oder Verwaltungen sowie weitere Professionelle und Ehrenamtliche haben im vergangenen Jahr \u2013 jeder auf ganz eigene Art und Weise \u2013 Erfahrungen mit gefl\u00fcchteten Menschen gesammelt. Der Fachtag mit dem Titel \u201eFl\u00fcchtige Seelen \u2013 Menschen mit Traumata und Tr\u00e4umen\u201c am 24. November in Ulrichstein nimmt sich diesen Erfahrungen an: Vortr\u00e4ge &hellip;<\/p>\n<\/div>","protected":false},"author":1,"featured_media":155925,"comment_status":"closed","ping_status":"closed","sticky":false,"template":"","format":"standard","meta":{"footnotes":""},"categories":[1],"tags":[],"class_list":["post-155921","post","type-post","status-publish","format-standard","has-post-thumbnail","hentry","category-startseite"],"_links":{"self":[{"href":"https:\/\/www.fuldaernachrichten.de\/index.php?rest_route=\/wp\/v2\/posts\/155921","targetHints":{"allow":["GET"]}}],"collection":[{"href":"https:\/\/www.fuldaernachrichten.de\/index.php?rest_route=\/wp\/v2\/posts"}],"about":[{"href":"https:\/\/www.fuldaernachrichten.de\/index.php?rest_route=\/wp\/v2\/types\/post"}],"author":[{"embeddable":true,"href":"https:\/\/www.fuldaernachrichten.de\/index.php?rest_route=\/wp\/v2\/users\/1"}],"replies":[{"embeddable":true,"href":"https:\/\/www.fuldaernachrichten.de\/index.php?rest_route=%2Fwp%2Fv2%2Fcomments&post=155921"}],"version-history":[{"count":1,"href":"https:\/\/www.fuldaernachrichten.de\/index.php?rest_route=\/wp\/v2\/posts\/155921\/revisions"}],"predecessor-version":[{"id":155926,"href":"https:\/\/www.fuldaernachrichten.de\/index.php?rest_route=\/wp\/v2\/posts\/155921\/revisions\/155926"}],"wp:featuredmedia":[{"embeddable":true,"href":"https:\/\/www.fuldaernachrichten.de\/index.php?rest_route=\/wp\/v2\/media\/155925"}],"wp:attachment":[{"href":"https:\/\/www.fuldaernachrichten.de\/index.php?rest_route=%2Fwp%2Fv2%2Fmedia&parent=155921"}],"wp:term":[{"taxonomy":"category","embeddable":true,"href":"https:\/\/www.fuldaernachrichten.de\/index.php?rest_route=%2Fwp%2Fv2%2Fcategories&post=155921"},{"taxonomy":"post_tag","embeddable":true,"href":"https:\/\/www.fuldaernachrichten.de\/index.php?rest_route=%2Fwp%2Fv2%2Ftags&post=155921"}],"curies":[{"name":"wp","href":"https:\/\/api.w.org\/{rel}","templated":true}]}}