{"id":155909,"date":"2016-10-07T09:31:13","date_gmt":"2016-10-07T07:31:13","guid":{"rendered":"http:\/\/www.fuldaer-nachrichten.de\/?p=155909"},"modified":"2016-10-07T09:31:13","modified_gmt":"2016-10-07T07:31:13","slug":"%e2%80%8eklotzsche-fdp-regionalversammlung-soll-3-offenlage-beschliessen","status":"publish","type":"post","link":"https:\/\/www.fuldaernachrichten.de\/?p=155909","title":{"rendered":"\u201eKlotzsche (FDP): Regionalversammlung soll 3. Offenlage beschlie\u00dfen"},"content":{"rendered":"<p>Anl\u00e4sslich der \u201emorgen geplanten Verabschiedung der Windvorranggebiete in Nordhessen und damit auch f\u00fcr den Landkreis Fulda erkl\u00e4rt Mario Klotzsche, Kreisvorsitzender der FDP:<\/p>\n<p>&#8220;Wir appellieren an die Mitglieder der Regionalversammlung den Teil-Regionalplan Energie mit den Windvorranggebiete nicht , wie geplant, zu verabschieden.<\/p>\n<p>Den Appell vom 5. Oktober haben neben den 25 Erstunterzeichnern, an der Spitze der fr\u00fchere hessische Wirtschafts- und Verkehrsminister Dieter Posch, binnen 24 Stunden schon \u00fcber 400 B\u00fcrgerinnen und B\u00fcrger \u201eunterzeichnet.<\/p>\n<p>Die Regionalversammlung wird aufgefordert eine dritte Offenlage des Regionalplanes vorzunehmen, statt jetzt voreilig Vorranggebiete zu beschlie\u00dfen. Die Unterzeichner kritisieren, dass weder die Eignung der Fl\u00e4chen hinreichend und vor allem ergebnisoffen gepr\u00fcft wurde, noch die beim Energiegipfel 2011 versprochene intensive B\u00fcrgerbeteiligung stattgefunden hat.<\/p>\n<p>Im Gegenteil, aus der damals sehr emotional gef\u00fchrten Diskussion \u00fcber neue Energieerzeugungsformen wurde eine dogmatische Debatte, bei der sich alles nur noch um das vermeintliche Zwei-Prozent-Ziel dreht. Alle anderen Belange, Naturschutz, Tourismus, Landschaftsbild, fanden keine Beachtung mehr.<\/p>\n<p>Insgesamt haben \u00fcber 32.000 B\u00fcrgerinnen und B\u00fcrger Einwendungen gegen den Regionalplan vorgebracht. Mehr als 50 St\u00e4dte und Gemeinden im RP Kassel haben sich ablehnend gegen die Vorranggebiete ge\u00e4u\u00dfert. Das alles ignoriert die Regionalversammlung bisher \u201evollst\u00e4ndig.<\/p>\n<p>Negativer H\u00f6hepunkt der Entwicklung ist schlie\u00dflich der Umstand, dass die Regionalversammlung in der Besetzung von 2011 die Beschl\u00fcsse treffen soll, obwohl im M\u00e4rz Kommunalwahlen waren und die neuen Abgeordneten der Regionalversammlung l\u00e4ngst \u201egew\u00e4hlt sind. Durch juristische Spielereien amtiert hier ein l\u00e4ngst abgew\u00e4hltes Gremium weiter, so als ob die B\u00fcrger im M\u00e4rz nicht gew\u00e4hlt h\u00e4tten. Das hat mit demokratischen Grundprinzipien nichts zu tun und bietet sehr ernsthafte Gr\u00fcnde die Beschl\u00fcsse, falls sie morgen getroffen werden, auch vor Gericht anzufechten.&#8221;<\/p>\n","protected":false},"excerpt":{"rendered":"<div class=\"tmnf_excerpt\"><p>Anl\u00e4sslich der \u201emorgen geplanten Verabschiedung der Windvorranggebiete in Nordhessen und damit auch f\u00fcr den Landkreis Fulda erkl\u00e4rt Mario Klotzsche, Kreisvorsitzender der FDP: &#8220;Wir appellieren an die Mitglieder der Regionalversammlung den Teil-Regionalplan Energie mit den Windvorranggebiete nicht , wie geplant, zu verabschieden. Den Appell vom 5. Oktober haben neben den 25 Erstunterzeichnern, an der Spitze der &hellip;<\/p>\n<\/div>","protected":false},"author":1,"featured_media":0,"comment_status":"closed","ping_status":"closed","sticky":false,"template":"","format":"standard","meta":{"footnotes":""},"categories":[1],"tags":[],"class_list":["post-155909","post","type-post","status-publish","format-standard","hentry","category-startseite"],"_links":{"self":[{"href":"https:\/\/www.fuldaernachrichten.de\/index.php?rest_route=\/wp\/v2\/posts\/155909","targetHints":{"allow":["GET"]}}],"collection":[{"href":"https:\/\/www.fuldaernachrichten.de\/index.php?rest_route=\/wp\/v2\/posts"}],"about":[{"href":"https:\/\/www.fuldaernachrichten.de\/index.php?rest_route=\/wp\/v2\/types\/post"}],"author":[{"embeddable":true,"href":"https:\/\/www.fuldaernachrichten.de\/index.php?rest_route=\/wp\/v2\/users\/1"}],"replies":[{"embeddable":true,"href":"https:\/\/www.fuldaernachrichten.de\/index.php?rest_route=%2Fwp%2Fv2%2Fcomments&post=155909"}],"version-history":[{"count":1,"href":"https:\/\/www.fuldaernachrichten.de\/index.php?rest_route=\/wp\/v2\/posts\/155909\/revisions"}],"predecessor-version":[{"id":155913,"href":"https:\/\/www.fuldaernachrichten.de\/index.php?rest_route=\/wp\/v2\/posts\/155909\/revisions\/155913"}],"wp:attachment":[{"href":"https:\/\/www.fuldaernachrichten.de\/index.php?rest_route=%2Fwp%2Fv2%2Fmedia&parent=155909"}],"wp:term":[{"taxonomy":"category","embeddable":true,"href":"https:\/\/www.fuldaernachrichten.de\/index.php?rest_route=%2Fwp%2Fv2%2Fcategories&post=155909"},{"taxonomy":"post_tag","embeddable":true,"href":"https:\/\/www.fuldaernachrichten.de\/index.php?rest_route=%2Fwp%2Fv2%2Ftags&post=155909"}],"curies":[{"name":"wp","href":"https:\/\/api.w.org\/{rel}","templated":true}]}}