{"id":155902,"date":"2016-10-07T09:30:15","date_gmt":"2016-10-07T07:30:15","guid":{"rendered":"http:\/\/www.fuldaer-nachrichten.de\/?p=155902"},"modified":"2016-10-07T09:30:15","modified_gmt":"2016-10-07T07:30:15","slug":"stadt-alsfeld-beauftragt-vogelsbergkreis-mit-jugendarbeit-bis-2019","status":"publish","type":"post","link":"https:\/\/www.fuldaernachrichten.de\/?p=155902","title":{"rendered":"Stadt Alsfeld beauftragt Vogelsbergkreis mit Jugendarbeit bis 2019"},"content":{"rendered":"<p>Schon seit November 2014 ist das Evangelische Dekanat Alsfeld mit der kommunalen Jugendarbeit beauftragt, zun\u00e4chst befristet bis Ende dieses Jahres. Dort leistet die P\u00e4dagogin Maria Hoyer im Auftrag des Vogelsbergkreises seitdem erfolgreiche Jugendarbeit f\u00fcr die Stadt Alsfeld und in Kooperation mit der schulbezogenen Jugendsozialarbeit. Jetzt unterzeichneten Jugenddezernent Dr. Jens Mischak, Landrat Manfred G\u00f6rig und B\u00fcrgermeister Stephan Paule die Verl\u00e4ngerung des \u00f6ffentlich-rechtlichen Vertrages bis Ende 2019. Mit diesem Vertrag beauftragt die Stadt Alsfeld den Vogelsbergkreis zur Durchf\u00fchrung der kommunalen Jugendarbeit in Alsfeld und erstattet dem Kreis daf\u00fcr die Kosten.<\/p>\n<p>B\u00fcrgermeister Paule freut sich, dass die Jugendarbeit in der Stadt Alsfeld somit auch weiterhin aus einer Hand angeboten werden kann. Dadurch, dass der Kreis das Evangelische Dekanat wieder mit der Durchf\u00fchrung der Jugendarbeit beauftragt, sei auch die Kontinuit\u00e4t der erfolgreichen Angebote gew\u00e4hrleistet. Durch die enge Zusammenarbeit mit der schulbezogenen Jugendsozialarbeit des Vogelsbergkreises werden Parallelstrukturen vermeiden, Synergieeffekte geschaffen und die Angebote und Schwerpunkte beider Bereiche regelm\u00e4\u00dfig miteinander abgestimmt, unterstreichen Landrat G\u00f6rig und Jugenddezernent Mischak.<\/p>\n","protected":false},"excerpt":{"rendered":"<div class=\"tmnf_excerpt\"><p>Schon seit November 2014 ist das Evangelische Dekanat Alsfeld mit der kommunalen Jugendarbeit beauftragt, zun\u00e4chst befristet bis Ende dieses Jahres. Dort leistet die P\u00e4dagogin Maria Hoyer im Auftrag des Vogelsbergkreises seitdem erfolgreiche Jugendarbeit f\u00fcr die Stadt Alsfeld und in Kooperation mit der schulbezogenen Jugendsozialarbeit. Jetzt unterzeichneten Jugenddezernent Dr. Jens Mischak, Landrat Manfred G\u00f6rig und B\u00fcrgermeister &hellip;<\/p>\n<\/div>","protected":false},"author":1,"featured_media":155906,"comment_status":"closed","ping_status":"closed","sticky":false,"template":"","format":"standard","meta":{"footnotes":""},"categories":[1],"tags":[],"class_list":["post-155902","post","type-post","status-publish","format-standard","has-post-thumbnail","hentry","category-startseite"],"_links":{"self":[{"href":"https:\/\/www.fuldaernachrichten.de\/index.php?rest_route=\/wp\/v2\/posts\/155902","targetHints":{"allow":["GET"]}}],"collection":[{"href":"https:\/\/www.fuldaernachrichten.de\/index.php?rest_route=\/wp\/v2\/posts"}],"about":[{"href":"https:\/\/www.fuldaernachrichten.de\/index.php?rest_route=\/wp\/v2\/types\/post"}],"author":[{"embeddable":true,"href":"https:\/\/www.fuldaernachrichten.de\/index.php?rest_route=\/wp\/v2\/users\/1"}],"replies":[{"embeddable":true,"href":"https:\/\/www.fuldaernachrichten.de\/index.php?rest_route=%2Fwp%2Fv2%2Fcomments&post=155902"}],"version-history":[{"count":1,"href":"https:\/\/www.fuldaernachrichten.de\/index.php?rest_route=\/wp\/v2\/posts\/155902\/revisions"}],"predecessor-version":[{"id":155907,"href":"https:\/\/www.fuldaernachrichten.de\/index.php?rest_route=\/wp\/v2\/posts\/155902\/revisions\/155907"}],"wp:featuredmedia":[{"embeddable":true,"href":"https:\/\/www.fuldaernachrichten.de\/index.php?rest_route=\/wp\/v2\/media\/155906"}],"wp:attachment":[{"href":"https:\/\/www.fuldaernachrichten.de\/index.php?rest_route=%2Fwp%2Fv2%2Fmedia&parent=155902"}],"wp:term":[{"taxonomy":"category","embeddable":true,"href":"https:\/\/www.fuldaernachrichten.de\/index.php?rest_route=%2Fwp%2Fv2%2Fcategories&post=155902"},{"taxonomy":"post_tag","embeddable":true,"href":"https:\/\/www.fuldaernachrichten.de\/index.php?rest_route=%2Fwp%2Fv2%2Ftags&post=155902"}],"curies":[{"name":"wp","href":"https:\/\/api.w.org\/{rel}","templated":true}]}}