{"id":155901,"date":"2016-10-07T09:29:37","date_gmt":"2016-10-07T07:29:37","guid":{"rendered":"http:\/\/www.fuldaer-nachrichten.de\/?p=155901"},"modified":"2016-10-07T09:29:37","modified_gmt":"2016-10-07T07:29:37","slug":"bernd-lorenz-cheffahrer-von-fuenf-landraeten-geht-nach-37-dienstjahren-in-den-ruhestand","status":"publish","type":"post","link":"https:\/\/www.fuldaernachrichten.de\/?p=155901","title":{"rendered":"Bernd Lorenz, Cheffahrer von f\u00fcnf Landr\u00e4ten, geht nach 37 Dienstjahren in den Ruhestand"},"content":{"rendered":"<p>Nach 48 Arbeitsjahren, davon 37 beim Landkreis, geht Bernd Lorenz in den Ruhestand. Landrat Manfred G\u00f6rig verabschiedete ihn mit gro\u00dfem Dank und herzlichen W\u00fcnschen. \u201eWir verabschieden einen allseits \u00e4u\u00dferst beliebten und sehr zuverl\u00e4ssigen Kollegen\u201c, sagte der Landrat \u2013 was auf die ungeteilte Zustimmung aller anwesenden Kolleginnen und Kollegen stie\u00df.<\/p>\n<p>1979 kam Bernd Lorenz zum Vogelsbergkreis und hat seit dieser Zeit f\u00fcnf Landr\u00e4te in deren \u201eArbeitsplatz Dienstwagen\u201c Millionen von Kilometern \u2013 vorrangig innerhalb des fl\u00e4chenm\u00e4\u00dfig gro\u00dfen Vogelsberg \u2013 unfallfrei chauffiert. Dr. Jochen Zwecker, Gerulf Herzog, wieder Dr. Zwecker, Hans-Ulrich Lipphardt, Rudolf Marx und Manfred G\u00f6rig waren die Chefs der Kreisverwaltung, die \u201estets auf Bernd Lorenz\u00e2\u20ac\u02dc Verl\u00e4sslichkeit, Loyalit\u00e4t und Flexibilit\u00e4t\u201c z\u00e4hlen konnten, so Landrat G\u00f6rig bei der kleine Feierstunde im Kreishaus.<\/p>\n<p>Neben den Fahrert\u00e4tigkeiten k\u00fcmmerte sich Bernd Lorenz auch um den Fuhrpark der Kreisverwaltung und sprang nicht selten als \u201eder gute Geist im Haus\u201c in Hausmeisterdiensten und am Info-Point ein. \u201eEr hat den Blick, wo als n\u00e4chstes etwas zu erledigen ist\u201c, beschrieb Hauptamtsleiter Ulrich Sch\u00e4fer diese Eigenschaft.<\/p>\n<p>Personalchefin Christa Wiese, Personalratsvorsitzender Peter Sukdolak, Frauenbeauftragte Conny Hentz-D\u00f6ring und Pressesprecher Erich Ruhl-Bady lobten den Kollegen f\u00fcr Flei\u00df, Hilfsbereitschaft, Ausgeglichenheit, Herzlichkeit und gute Laune. Bernd Lorenz fasste die vielen Gl\u00fcckw\u00fcnsche und Dankesworte knapp zusammen: \u201eEs hat mir immer Spa\u00df gemacht.\u201c<\/p>\n","protected":false},"excerpt":{"rendered":"<div class=\"tmnf_excerpt\"><p>Nach 48 Arbeitsjahren, davon 37 beim Landkreis, geht Bernd Lorenz in den Ruhestand. Landrat Manfred G\u00f6rig verabschiedete ihn mit gro\u00dfem Dank und herzlichen W\u00fcnschen. \u201eWir verabschieden einen allseits \u00e4u\u00dferst beliebten und sehr zuverl\u00e4ssigen Kollegen\u201c, sagte der Landrat \u2013 was auf die ungeteilte Zustimmung aller anwesenden Kolleginnen und Kollegen stie\u00df. 1979 kam Bernd Lorenz zum Vogelsbergkreis &hellip;<\/p>\n<\/div>","protected":false},"author":1,"featured_media":155904,"comment_status":"closed","ping_status":"closed","sticky":false,"template":"","format":"standard","meta":{"footnotes":""},"categories":[1],"tags":[],"class_list":["post-155901","post","type-post","status-publish","format-standard","has-post-thumbnail","hentry","category-startseite"],"_links":{"self":[{"href":"https:\/\/www.fuldaernachrichten.de\/index.php?rest_route=\/wp\/v2\/posts\/155901","targetHints":{"allow":["GET"]}}],"collection":[{"href":"https:\/\/www.fuldaernachrichten.de\/index.php?rest_route=\/wp\/v2\/posts"}],"about":[{"href":"https:\/\/www.fuldaernachrichten.de\/index.php?rest_route=\/wp\/v2\/types\/post"}],"author":[{"embeddable":true,"href":"https:\/\/www.fuldaernachrichten.de\/index.php?rest_route=\/wp\/v2\/users\/1"}],"replies":[{"embeddable":true,"href":"https:\/\/www.fuldaernachrichten.de\/index.php?rest_route=%2Fwp%2Fv2%2Fcomments&post=155901"}],"version-history":[{"count":1,"href":"https:\/\/www.fuldaernachrichten.de\/index.php?rest_route=\/wp\/v2\/posts\/155901\/revisions"}],"predecessor-version":[{"id":155905,"href":"https:\/\/www.fuldaernachrichten.de\/index.php?rest_route=\/wp\/v2\/posts\/155901\/revisions\/155905"}],"wp:featuredmedia":[{"embeddable":true,"href":"https:\/\/www.fuldaernachrichten.de\/index.php?rest_route=\/wp\/v2\/media\/155904"}],"wp:attachment":[{"href":"https:\/\/www.fuldaernachrichten.de\/index.php?rest_route=%2Fwp%2Fv2%2Fmedia&parent=155901"}],"wp:term":[{"taxonomy":"category","embeddable":true,"href":"https:\/\/www.fuldaernachrichten.de\/index.php?rest_route=%2Fwp%2Fv2%2Fcategories&post=155901"},{"taxonomy":"post_tag","embeddable":true,"href":"https:\/\/www.fuldaernachrichten.de\/index.php?rest_route=%2Fwp%2Fv2%2Ftags&post=155901"}],"curies":[{"name":"wp","href":"https:\/\/api.w.org\/{rel}","templated":true}]}}