{"id":155884,"date":"2016-10-06T00:48:51","date_gmt":"2016-10-05T22:48:51","guid":{"rendered":"http:\/\/www.fuldaer-nachrichten.de\/?p=155884"},"modified":"2016-10-06T00:48:51","modified_gmt":"2016-10-05T22:48:51","slug":"mediana-gruppe-bietet-mitarbeitern-dienstfahrraeder-zum-leasen-an","status":"publish","type":"post","link":"https:\/\/www.fuldaernachrichten.de\/?p=155884","title":{"rendered":"Mediana Gruppe bietet Mitarbeitern Dienstfahrr\u00e4der zum Leasen an"},"content":{"rendered":"<p><a href=\"http:\/\/www.fuldaer-nachrichten.de\/wp-content\/uploads\/2016\/10\/dienstrad-bu2.jpg\"><img fetchpriority=\"high\" decoding=\"async\" class=\"alignleft size-thumbnail wp-image-155890\" src=\"http:\/\/www.fuldaer-nachrichten.de\/wp-content\/uploads\/2016\/10\/dienstrad-bu2-265x199.jpg\" alt=\"dienstrad-bu2\" width=\"265\" height=\"199\" srcset=\"https:\/\/www.fuldaernachrichten.de\/wp-content\/uploads\/2016\/10\/dienstrad-bu2-265x199.jpg 265w, https:\/\/www.fuldaernachrichten.de\/wp-content\/uploads\/2016\/10\/dienstrad-bu2-768x576.jpg 768w, https:\/\/www.fuldaernachrichten.de\/wp-content\/uploads\/2016\/10\/dienstrad-bu2-600x450.jpg 600w, https:\/\/www.fuldaernachrichten.de\/wp-content\/uploads\/2016\/10\/dienstrad-bu2.jpg 900w\" sizes=\"(max-width: 265px) 100vw, 265px\" \/><\/a>Die Idee ist nicht neu, aber nach wie vor eine echte Alternative zum klassischen Dienstwagen oder eigenem Pkw. Die Mediana Gruppe bietet seinen 1100 Mitarbeitern an den Standorten Fulda und H\u00fcnfeld die M\u00f6glichkeit, hochwertige Dienstfahrr\u00e4der zu leasen. Ideengeber f\u00fcr dieses Konzept ist Gesch\u00e4ftsf\u00fchrer Bastian Hans, der zuvor bereits gute Erfahrungen mit Fahrrad-Leasing f\u00fcr Unternehmen gemacht hat.<\/p>\n<p>&#8220;Das Prinzip ist eigentlich einfach. Unser Partner &#8220;JobRad&#8221; aus Freiburg k\u00fcmmert sich um die administrativen Angelegenheiten, der H\u00e4ndler vor Ort &#8211; die Firma Fahrrad Keller in Fulda &#8211; liefert das Rad aus und \u00fcbernimmt den Service, und wir als Arbeitgeber schaffen durch eine Gehaltsumwandlung die M\u00f6glichkeit, steuersparend mit dem Dienstrad zur Arbeit zu kommen. Es ist mein Anliegen, die Mobilit\u00e4t unserer Mitarbeiter zu unterst\u00fctzen&#8221;, erkl\u00e4rt Bastian Hans das Engagement des Unternehmens. Zwar w\u00fcrden die Mitarbeiter die monatlichen Raten selbst tragen, doch durch die geringere Steuer k\u00f6nnten die Arbeitnehmer insgesamt bis zu 30 Prozent beim Anschaffungswert sparen. Firmen wie der Softwarekonzern SAP oder regional Hochwald in H\u00fcnfeld machen ihren Mitarbeitern schon seit geraumer Zeit ein solches Angebot. \u00e2\u20ac\u00a8Voraussetzung f\u00fcr eine Inanspruchnahme ist der Kauf eines hochwertigen Rades. &#8220;Die Untergrenze liegt bei 749 Euro f\u00fcr ein Fahrrad oder E-Bike. Es kann auch ein Mountainbike sein. Lediglich schnelle Pedelecs, die wie Mofas auch mit Helm gefahren werden m\u00fcssen, sind von dem Angebot ausgeschlossen&#8221;, erkl\u00e4rt Doris Spohr von JobRad. R\u00e4der aus dem Bau- oder Supermarkt k\u00e4men nicht infrage, die Abwicklung m\u00fcsse \u00fcber einen lizensierten Fahrradh\u00e4ndler aus der Region laufen.<\/p>\n<p>F\u00fcr das Projekt hat die Mediana Gesch\u00e4ftsleitung zuvor eine schriftliche Umfrage unter den Mitarbeitern durchgef\u00fchrt. Ein Aushang und eine Pr\u00e4sentation auf dem Gel\u00e4nde der Hauptverwaltung im Josefsgarten in Fulda &#8211; f\u00fcr den Standort H\u00fcnfeld wird es im Fr\u00fchjahr einen zweiten Vorort-Termin geben &#8211; diente der detaillierten Information. Ein eigens eingerichtetes Bestellportal inklusive Steuerrechnung erleichtert die Abwicklung. Nach der Bestellung \u00fcber Mediana, die ebenfalls online erfolgt, erhalten die Interessenten einen Abholschein, mit dem sie zu Frank Kaiser, dem Inhaber von Fahrrad Keller in der Petersberger Stra\u00dfe, gehen und dort das ausgesuchte Fahrrad entgegennehmen.<\/p>\n<p>&#8220;Die R\u00e4der sind Vollkasko und gem\u00e4\u00df den gesetzlichen Bestimmungen der Versicherer auch gegen Diebstahl versichert. Dar\u00fcber hinaus bieten wir eine Mobilit\u00e4tsgarantie f\u00fcr den Fall an, dass ein Nutzer mal liegenbleibt. Dann k\u00fcmmert sich unser Partner vor Ort um die Abholung und Reparatur&#8221;, z\u00e4hlt Doris Spohr die Vorz\u00fcge auf. Alles genau wie bei einem Dienstwagen, nur \u00f6kologisch wertvoller und wirtschaftlich deutlich sparsamer. Au\u00dferdem sei Fahrrad fahren gesund und trage zur Bewegung bei, so die Vertriebsmitarbeiterin von Jobrad. Und nach Ablauf der Leasingzeit k\u00f6nnten die Mitarbeiter das Rad entweder zur\u00fcckgeben oder zu einem geringen Restwert kaufen.<\/p>\n","protected":false},"excerpt":{"rendered":"<div class=\"tmnf_excerpt\"><p>Die Idee ist nicht neu, aber nach wie vor eine echte Alternative zum klassischen Dienstwagen oder eigenem Pkw. Die Mediana Gruppe bietet seinen 1100 Mitarbeitern an den Standorten Fulda und H\u00fcnfeld die M\u00f6glichkeit, hochwertige Dienstfahrr\u00e4der zu leasen. Ideengeber f\u00fcr dieses Konzept ist Gesch\u00e4ftsf\u00fchrer Bastian Hans, der zuvor bereits gute Erfahrungen mit Fahrrad-Leasing f\u00fcr Unternehmen gemacht &hellip;<\/p>\n<\/div>","protected":false},"author":1,"featured_media":155889,"comment_status":"closed","ping_status":"closed","sticky":false,"template":"","format":"standard","meta":{"footnotes":""},"categories":[1],"tags":[],"class_list":["post-155884","post","type-post","status-publish","format-standard","has-post-thumbnail","hentry","category-startseite"],"_links":{"self":[{"href":"https:\/\/www.fuldaernachrichten.de\/index.php?rest_route=\/wp\/v2\/posts\/155884","targetHints":{"allow":["GET"]}}],"collection":[{"href":"https:\/\/www.fuldaernachrichten.de\/index.php?rest_route=\/wp\/v2\/posts"}],"about":[{"href":"https:\/\/www.fuldaernachrichten.de\/index.php?rest_route=\/wp\/v2\/types\/post"}],"author":[{"embeddable":true,"href":"https:\/\/www.fuldaernachrichten.de\/index.php?rest_route=\/wp\/v2\/users\/1"}],"replies":[{"embeddable":true,"href":"https:\/\/www.fuldaernachrichten.de\/index.php?rest_route=%2Fwp%2Fv2%2Fcomments&post=155884"}],"version-history":[{"count":1,"href":"https:\/\/www.fuldaernachrichten.de\/index.php?rest_route=\/wp\/v2\/posts\/155884\/revisions"}],"predecessor-version":[{"id":155891,"href":"https:\/\/www.fuldaernachrichten.de\/index.php?rest_route=\/wp\/v2\/posts\/155884\/revisions\/155891"}],"wp:featuredmedia":[{"embeddable":true,"href":"https:\/\/www.fuldaernachrichten.de\/index.php?rest_route=\/wp\/v2\/media\/155889"}],"wp:attachment":[{"href":"https:\/\/www.fuldaernachrichten.de\/index.php?rest_route=%2Fwp%2Fv2%2Fmedia&parent=155884"}],"wp:term":[{"taxonomy":"category","embeddable":true,"href":"https:\/\/www.fuldaernachrichten.de\/index.php?rest_route=%2Fwp%2Fv2%2Fcategories&post=155884"},{"taxonomy":"post_tag","embeddable":true,"href":"https:\/\/www.fuldaernachrichten.de\/index.php?rest_route=%2Fwp%2Fv2%2Ftags&post=155884"}],"curies":[{"name":"wp","href":"https:\/\/api.w.org\/{rel}","templated":true}]}}