{"id":155883,"date":"2016-10-06T00:48:04","date_gmt":"2016-10-05T22:48:04","guid":{"rendered":"http:\/\/www.fuldaer-nachrichten.de\/?p=155883"},"modified":"2016-10-06T00:48:04","modified_gmt":"2016-10-05T22:48:04","slug":"landkreis-fulda-gibt-tipps-fuer-umweltprojekte-in-grundschulen-und-kindertagesstaetten","status":"publish","type":"post","link":"https:\/\/www.fuldaernachrichten.de\/?p=155883","title":{"rendered":"Landkreis Fulda gibt Tipps f\u00fcr Umweltprojekte in Grundschulen und Kindertagesst\u00e4tten"},"content":{"rendered":"<p>Wenn \u201eSchorni\u201c in den Kindergarten kommt, endet das oft als kleine Party mit Trompetenmusik und Gesang. Doch das eigentliche Ansinnen von Schorni, alias Schornsteinfegermeister Uwe Nenzel, ist es, die Aufmerksamkeit der Kleinen auf das Thema Energiesparen zu lenken. Schorni besucht im Auftrag des Hessischen Ministeriums f\u00fcr Wirtschaft, Energie, Verkehr und Landesentwicklung Kinderg\u00e4rten und Erstkl\u00e4ssler, um in einem unterhaltsamen, kindgerechten Bildervortrag \u00fcber Umweltschutzma\u00dfnahmen zu informieren, die sich leicht im Alltag umsetzen lassen.<\/p>\n<p>Nenzel geh\u00f6rt zu den Referenten, die auf Einladung der hessischen Verwaltungsstelle des Biosph\u00e4renreservats Rh\u00f6n (BRR) bei einer Netzwerkveranstaltung in der Tanner Rh\u00f6nhalle vor Vertreterinnen von Grundschulen und Kinderg\u00e4rten \u00fcber Angebote aus dem Bereich der Umweltbildung informierten. Von Volker Strauch wurde das Umweltzentrum Fulda als au\u00dferschulischer Lernort und zudem Koordinator des \u201eNetzwerks Bildung f\u00fcr nachhaltige Entwicklung\u201c mit etwa 30 Partnern vom Weltladen bis zur Hochschule Fulda vorgestellt. Aus Licherode in Nordhessen war Lena Heilmann angereist. Das dortige Umweltbildungszentrum hat im Landkreis Fulda zwei Fortbildungen f\u00fcr P\u00e4dagogen mit dem Titel \u201cEnergie erforschen &#8211; Zukunft gestalten\u201c durchgef\u00fchrt, vergangenes Jahr in Ebersburg und 2016 in Eckweisbach.<\/p>\n<p>Der Workshop in Eckweisbach hatte in einer gemeinsamen Projektwoche von Kindergarten und Schule rund um Umweltschutzthemen gem\u00fcndet (siehe Kreisseiten vom 16. Juli \u201eSchulfest f\u00fcr ein Prima Klima\u201c, www.landkreis-fulda.de). In Tann berichteten die beteiligten Lehrerinnen und Erzieherinnen von ihren Erfahrungen. \u201eDeren\u00c2\u00a0 Begeisterung hat mich neugierig gemacht\u201c, verriet Erzieherin Sonja Stehling, die sich f\u00fcr den evangelischen Kindergarten Tann informierte.<\/p>\n<p>Auch Martina Rode von der Koordinierungsstelle Energie beim Landkreis, die gemeinsam mit ihrer Kollegin Astrid Sch\u00e4fer vom BRR das Treffen organisiert hatte, warb f\u00fcr die n\u00e4chste Veranstaltung: \u201eDie Teilnehmer erhalten als Anerkennung ihres Engagements und als k\u00fcnftige Arbeitshilfe vom Landkreis Fulda den umweltp\u00e4dagogischen Leitfaden zum Thema Energie &#8211; einen fast 300 Seiten umfassenden Ordner mit Stoffsammlungen, Experimentiervorschl\u00e4gen und Kopiervorlagen.\u201c Der Workshop findet am 22. und 23. September\u00c2\u00a0 2017 statt, voraussichtlich in der Gegend zwischen Tann und H\u00fcnfeld. Interessenten k\u00f6nnen sich bei Martina Rode informieren und anmelden. Weil das BRR die Fortbildung sponsert, ist die Teilnahme kostenlos.<\/p>\n<p>Rode hatte au\u00dferdem eine \u00dcbersicht f\u00fcr Kindertagesst\u00e4tten und Grundschulen erstellt, die auf der Suche nach Unterst\u00fctzern und Materialien sind. \u201eSonst klickt man sich ja oft tot im Netz\u201c, begr\u00fcndete sie ihre konkreten Vorschl\u00e4ge wie beispielsweise www.kinder-garten.de oder www.kita-global.de.\u00c2\u00a0 Das Umweltzentrum findet man unter www.umweltzentrum-fulda.de. Auch das bundesweite Angebot www.haus-der-kleinen-forscher.de hat einen lokalen Bezug, wird es doch von der Volkshochschule des Landkreises Fulda betreut. \u201eSchorni on tour\u201c kann man \u00fcbrigens unter www.energiesparaktion.de kostenlos buchen.<\/p>\n<p>Kontakt<br \/>\nMartina Rode, Telefon (0661)6006-518, E-Mail martina.rode@landkreis-fulda.de<br \/>\nAstrid Sch\u00e4fer, Telefon (06657)9142834<\/p>\n","protected":false},"excerpt":{"rendered":"<div class=\"tmnf_excerpt\"><p>Wenn \u201eSchorni\u201c in den Kindergarten kommt, endet das oft als kleine Party mit Trompetenmusik und Gesang. Doch das eigentliche Ansinnen von Schorni, alias Schornsteinfegermeister Uwe Nenzel, ist es, die Aufmerksamkeit der Kleinen auf das Thema Energiesparen zu lenken. Schorni besucht im Auftrag des Hessischen Ministeriums f\u00fcr Wirtschaft, Energie, Verkehr und Landesentwicklung Kinderg\u00e4rten und Erstkl\u00e4ssler, um &hellip;<\/p>\n<\/div>","protected":false},"author":1,"featured_media":155887,"comment_status":"closed","ping_status":"closed","sticky":false,"template":"","format":"standard","meta":{"footnotes":""},"categories":[1],"tags":[],"class_list":["post-155883","post","type-post","status-publish","format-standard","has-post-thumbnail","hentry","category-startseite"],"_links":{"self":[{"href":"https:\/\/www.fuldaernachrichten.de\/index.php?rest_route=\/wp\/v2\/posts\/155883","targetHints":{"allow":["GET"]}}],"collection":[{"href":"https:\/\/www.fuldaernachrichten.de\/index.php?rest_route=\/wp\/v2\/posts"}],"about":[{"href":"https:\/\/www.fuldaernachrichten.de\/index.php?rest_route=\/wp\/v2\/types\/post"}],"author":[{"embeddable":true,"href":"https:\/\/www.fuldaernachrichten.de\/index.php?rest_route=\/wp\/v2\/users\/1"}],"replies":[{"embeddable":true,"href":"https:\/\/www.fuldaernachrichten.de\/index.php?rest_route=%2Fwp%2Fv2%2Fcomments&post=155883"}],"version-history":[{"count":1,"href":"https:\/\/www.fuldaernachrichten.de\/index.php?rest_route=\/wp\/v2\/posts\/155883\/revisions"}],"predecessor-version":[{"id":155888,"href":"https:\/\/www.fuldaernachrichten.de\/index.php?rest_route=\/wp\/v2\/posts\/155883\/revisions\/155888"}],"wp:featuredmedia":[{"embeddable":true,"href":"https:\/\/www.fuldaernachrichten.de\/index.php?rest_route=\/wp\/v2\/media\/155887"}],"wp:attachment":[{"href":"https:\/\/www.fuldaernachrichten.de\/index.php?rest_route=%2Fwp%2Fv2%2Fmedia&parent=155883"}],"wp:term":[{"taxonomy":"category","embeddable":true,"href":"https:\/\/www.fuldaernachrichten.de\/index.php?rest_route=%2Fwp%2Fv2%2Fcategories&post=155883"},{"taxonomy":"post_tag","embeddable":true,"href":"https:\/\/www.fuldaernachrichten.de\/index.php?rest_route=%2Fwp%2Fv2%2Ftags&post=155883"}],"curies":[{"name":"wp","href":"https:\/\/api.w.org\/{rel}","templated":true}]}}