{"id":155879,"date":"2016-10-06T00:47:20","date_gmt":"2016-10-05T22:47:20","guid":{"rendered":"http:\/\/www.fuldaer-nachrichten.de\/?p=155879"},"modified":"2016-10-06T00:47:20","modified_gmt":"2016-10-05T22:47:20","slug":"online-vortrag-anti-krebs-lebensmittel","status":"publish","type":"post","link":"https:\/\/www.fuldaernachrichten.de\/?p=155879","title":{"rendered":"(Online-)Vortrag: Anti-Krebs-Lebensmittel"},"content":{"rendered":"<p>Durch den Verzehr bestimmter Lebensmittel l\u00e4sst sich das Krebsrisiko reduzieren oder eine Behandlung auf nat\u00fcrliche Weise unterst\u00fctzen. Die Volkshochschule des Landkreises Fulda l\u00e4dt zu einem entsprechenden Vortrag am Donnerstag, 13. Oktober, um 18.30 Uhr in Georg-Stieler-Haus, Gallasiniring 1, in Fulda ein. Auch als Online-Vortrag m\u00f6glich. Es reicht ein einfacher PC mit guter Internetverbindung. Anmeldung mit Kursnummer VN3040103 unter www.vhs-fulda.de oder Telefon (0661)6006-1600.<\/p>\n","protected":false},"excerpt":{"rendered":"<div class=\"tmnf_excerpt\"><p>Durch den Verzehr bestimmter Lebensmittel l\u00e4sst sich das Krebsrisiko reduzieren oder eine Behandlung auf nat\u00fcrliche Weise unterst\u00fctzen. Die Volkshochschule des Landkreises Fulda l\u00e4dt zu einem entsprechenden Vortrag am Donnerstag, 13. Oktober, um 18.30 Uhr in Georg-Stieler-Haus, Gallasiniring 1, in Fulda ein. Auch als Online-Vortrag m\u00f6glich. Es reicht ein einfacher PC mit guter Internetverbindung. Anmeldung mit &hellip;<\/p>\n<\/div>","protected":false},"author":1,"featured_media":0,"comment_status":"closed","ping_status":"closed","sticky":false,"template":"","format":"standard","meta":{"footnotes":""},"categories":[1],"tags":[],"class_list":["post-155879","post","type-post","status-publish","format-standard","hentry","category-startseite"],"_links":{"self":[{"href":"https:\/\/www.fuldaernachrichten.de\/index.php?rest_route=\/wp\/v2\/posts\/155879","targetHints":{"allow":["GET"]}}],"collection":[{"href":"https:\/\/www.fuldaernachrichten.de\/index.php?rest_route=\/wp\/v2\/posts"}],"about":[{"href":"https:\/\/www.fuldaernachrichten.de\/index.php?rest_route=\/wp\/v2\/types\/post"}],"author":[{"embeddable":true,"href":"https:\/\/www.fuldaernachrichten.de\/index.php?rest_route=\/wp\/v2\/users\/1"}],"replies":[{"embeddable":true,"href":"https:\/\/www.fuldaernachrichten.de\/index.php?rest_route=%2Fwp%2Fv2%2Fcomments&post=155879"}],"version-history":[{"count":1,"href":"https:\/\/www.fuldaernachrichten.de\/index.php?rest_route=\/wp\/v2\/posts\/155879\/revisions"}],"predecessor-version":[{"id":155882,"href":"https:\/\/www.fuldaernachrichten.de\/index.php?rest_route=\/wp\/v2\/posts\/155879\/revisions\/155882"}],"wp:attachment":[{"href":"https:\/\/www.fuldaernachrichten.de\/index.php?rest_route=%2Fwp%2Fv2%2Fmedia&parent=155879"}],"wp:term":[{"taxonomy":"category","embeddable":true,"href":"https:\/\/www.fuldaernachrichten.de\/index.php?rest_route=%2Fwp%2Fv2%2Fcategories&post=155879"},{"taxonomy":"post_tag","embeddable":true,"href":"https:\/\/www.fuldaernachrichten.de\/index.php?rest_route=%2Fwp%2Fv2%2Ftags&post=155879"}],"curies":[{"name":"wp","href":"https:\/\/api.w.org\/{rel}","templated":true}]}}