{"id":155869,"date":"2016-10-06T00:46:13","date_gmt":"2016-10-05T22:46:13","guid":{"rendered":"http:\/\/www.fuldaer-nachrichten.de\/?p=155869"},"modified":"2016-10-06T00:46:13","modified_gmt":"2016-10-05T22:46:13","slug":"gefahr-von-altersarmut-auch-in-stadt-und-landkreis-fulda","status":"publish","type":"post","link":"https:\/\/www.fuldaernachrichten.de\/?p=155869","title":{"rendered":"Gefahr von Altersarmut auch in Stadt und Landkreis Fulda"},"content":{"rendered":"<p>Zu einem Gespr\u00e4chsabend zum Thema \u201eGefahr von Altersarmut auch in Stadt und Landkreis Fulda\u201c l\u00e4dt das Osthessische B\u00fcndnis gegen Altersarmut am Donnerstag, dem 13. Oktober 2016 um 19:00 Uhr in der Aula des Bonifatiushauses in Fulda-Neuenberg ein. Gespr\u00e4chsteilnehmer sind die Bundestagsabgeordneten Birgit K\u00f6mpel (SPD) und Sabine Leidig (Die LINKE), die stellvertretende Kreisvorsitzende der FDP, Sibylle Herbert sowie Ralf Zwengel vom Kreisvorstand B\u00dcNDNIS 90\/DIE GR\u00dcNEN. Weitere Teilnehmer sind angefragt. Moderiert wird der Abend von dem Journalisten Hermann Diel.<\/p>\n<p>Grundlage der Diskussion wird die von dem Osthessischen B\u00fcndnis in Auftrag gegebene Studie zur Entwicklung von Altersarmut in den Landkreisen Hersfeld-Rotenburg und Fulda, dem Vogelsbergkreis und dem Main-Kinzig Kreis sein. In dieser Studie von Prof. Dr. Frank Unger, Hochschule Fulda wird deutlich, dass auch Stadt und Landkreis Fulda keine Ausnahme mit Blick auf die Gefahr von Altersarmut darstellen. Mit Blick auf die geringe Arbeitslosigkeit und die Steigerung der Besch\u00e4ftigungsquote in den letzten Jahren kann die Entwicklung in Osthessen zwar als \u201erecht gut\u201c bezeichnet werden, doch die Bereiche Niedriglohn, Minijobber und Zeitarbeit lassen aufhorchen. So \u00fcbersteigt die Quote der im Niedriglohnbereich Besch\u00e4ftigten in Stadt und Landkreis Fulda die hessische Quote um 40 %, der Bundesdurchschnitt wird um 18 % \u00fcbertroffen. Mit knapp 17 % ist der Anteil der Minijobber h\u00f6her als im Bundesdurchschnitt (15,1 %) und in Hessen (14.6 %). 3,2 % der Arbeitnehmer sind in Stadt und Landkreis \u00fcber eine Zeitarbeitsfirma besch\u00e4ftigt, im Bundesdurchschnitt sind dies nur 2,2 %, im hessischen Schnitt gar nur 1,9 %.<br \/>\nIm Gespr\u00e4ch mit den Politikern soll nicht nur \u00fcber die Ergebnisse der Studie informiert werden, sondern \u201eHandlungsoptionen\u201c sollen diskutiert werden.<\/p>\n<p>Hintergrund: Das Osthessische B\u00fcndnis gegen Altersarmut fand sich im August 2012 zusammen. Heute geh\u00f6ren ihm die Arbeiterwohlfahrt, die Fuldaer attac-Gruppe, der Deutsche Gewerkschaftsbund (DGB), die Katholische Arbeitnehmer-Bewegung (KAB), die Katholische Frauengemeinschaft (kfd), der PARIT\u00c4TISCHE, der VdK und die Dienstleistungsgewerkschaft ver.di an.<\/p>\n","protected":false},"excerpt":{"rendered":"<div class=\"tmnf_excerpt\"><p>Zu einem Gespr\u00e4chsabend zum Thema \u201eGefahr von Altersarmut auch in Stadt und Landkreis Fulda\u201c l\u00e4dt das Osthessische B\u00fcndnis gegen Altersarmut am Donnerstag, dem 13. Oktober 2016 um 19:00 Uhr in der Aula des Bonifatiushauses in Fulda-Neuenberg ein. Gespr\u00e4chsteilnehmer sind die Bundestagsabgeordneten Birgit K\u00f6mpel (SPD) und Sabine Leidig (Die LINKE), die stellvertretende Kreisvorsitzende der FDP, Sibylle &hellip;<\/p>\n<\/div>","protected":false},"author":1,"featured_media":0,"comment_status":"closed","ping_status":"closed","sticky":false,"template":"","format":"standard","meta":{"footnotes":""},"categories":[1],"tags":[],"class_list":["post-155869","post","type-post","status-publish","format-standard","hentry","category-startseite"],"_links":{"self":[{"href":"https:\/\/www.fuldaernachrichten.de\/index.php?rest_route=\/wp\/v2\/posts\/155869","targetHints":{"allow":["GET"]}}],"collection":[{"href":"https:\/\/www.fuldaernachrichten.de\/index.php?rest_route=\/wp\/v2\/posts"}],"about":[{"href":"https:\/\/www.fuldaernachrichten.de\/index.php?rest_route=\/wp\/v2\/types\/post"}],"author":[{"embeddable":true,"href":"https:\/\/www.fuldaernachrichten.de\/index.php?rest_route=\/wp\/v2\/users\/1"}],"replies":[{"embeddable":true,"href":"https:\/\/www.fuldaernachrichten.de\/index.php?rest_route=%2Fwp%2Fv2%2Fcomments&post=155869"}],"version-history":[{"count":1,"href":"https:\/\/www.fuldaernachrichten.de\/index.php?rest_route=\/wp\/v2\/posts\/155869\/revisions"}],"predecessor-version":[{"id":155878,"href":"https:\/\/www.fuldaernachrichten.de\/index.php?rest_route=\/wp\/v2\/posts\/155869\/revisions\/155878"}],"wp:attachment":[{"href":"https:\/\/www.fuldaernachrichten.de\/index.php?rest_route=%2Fwp%2Fv2%2Fmedia&parent=155869"}],"wp:term":[{"taxonomy":"category","embeddable":true,"href":"https:\/\/www.fuldaernachrichten.de\/index.php?rest_route=%2Fwp%2Fv2%2Fcategories&post=155869"},{"taxonomy":"post_tag","embeddable":true,"href":"https:\/\/www.fuldaernachrichten.de\/index.php?rest_route=%2Fwp%2Fv2%2Ftags&post=155869"}],"curies":[{"name":"wp","href":"https:\/\/api.w.org\/{rel}","templated":true}]}}