{"id":155867,"date":"2016-10-06T00:43:59","date_gmt":"2016-10-05T22:43:59","guid":{"rendered":"http:\/\/www.fuldaer-nachrichten.de\/?p=155867"},"modified":"2016-10-06T00:43:59","modified_gmt":"2016-10-05T22:43:59","slug":"fuldaer-geschichtsverein-laedt-zu-vortrag-zur-bedeutung-des-landjudentums-in-der-rhoen","status":"publish","type":"post","link":"https:\/\/www.fuldaernachrichten.de\/?p=155867","title":{"rendered":"Fuldaer Geschichtsverein l\u00e4dt zu Vortrag  &#8211; Zur Bedeutung des Landjudentums in der Rh\u00f6n"},"content":{"rendered":"<p>Zu einem Vortrag \u00fcber die Bedeutung des Landjudentums f\u00fcr die Entwicklung der Rh\u00f6n l\u00e4dt der Fuldaer Geschichtsverein am Donnerstag, 13. Oktober, um 19.30 Uhr ins Kanzlerpalais, Unterm Heilig Kreuz, in Fulda ein.<br \/>\nReferent ist Dr. Michael Imhof.<\/p>\n<p>Seit dem 16. Jahrhundert lebten Juden in D\u00f6rfern und St\u00e4dten der Rh\u00f6n. Der Vortrag verfolgt ihre (nur l\u00fcckenhaft erforschte) Geschichte bis zur Vernichtung des Judentums und ihrer Menschen in der Zeit des Nationalsozialismus.<\/p>\n<p>Aufgrund der Eigenst\u00e4ndigkeiten der ritterschaftlichen Territorien Tann und Gersfeld sowie der Zugeh\u00f6rigkeit W\u00fcstensachsens zum Hochstift W\u00fcrzburg und ihrer Einf\u00fcgung in das K\u00f6nigreich Bayern mit dem Wiener Kongress, weisen die Geschichte der Rh\u00f6ner Juden und die des Fuldaer Landes unterschiedliche Entwicklungen auf. Mit der Eingliederung dieser Gebiete nach dem Deutschen Krieg von 1866 in Preu\u00dfen wurden die Juden von dem ihre berufliche T\u00e4tigkeit und ihre Niederlassungsfreiheit einschr\u00e4nkenden Matrikelgesetz befreit. Die Einf\u00fchrung der Gewerbefreiheit 1869 in Preu\u00dfen schaffte endg\u00fcltig die ihre berufliche T\u00e4tigkeit einengenden Zunftzw\u00e4nge und weiteren Einschr\u00e4nkungen ab. Im wirtschaftlichen und sozialen Leben der Rh\u00f6ner Landst\u00e4dte und Gemeinden nahmen sie in kurzer Zeit eine bedeutsame Rolle ein. Das von gegenseitigem Respekt getragene Miteinander konnte den aufkeimenden Antisemitismus nicht verhindern. Mit der Macht\u00fcbernahme des Nationalsozialismus wurde er zur Staatsdoktrin. Mit brutaler Gewalt wurden das seit Jahrhunderten vertraute Miteinander zerschlagen, die j\u00fcdischen Mitb\u00fcrger misshandelt, gedem\u00fctigt und vertrieben und in den Vernichtungslagern unter entsetzlichen Umst\u00e4nden ermordet.<\/p>\n<p>Diese Entwicklung zeichnet der Vortrag von Dr. Michael Imhof nach, reichhaltig mit Bildern und Dokumenten belegt. Alle Interessierten sind dazu ein.<\/p>\n","protected":false},"excerpt":{"rendered":"<div class=\"tmnf_excerpt\"><p>Zu einem Vortrag \u00fcber die Bedeutung des Landjudentums f\u00fcr die Entwicklung der Rh\u00f6n l\u00e4dt der Fuldaer Geschichtsverein am Donnerstag, 13. Oktober, um 19.30 Uhr ins Kanzlerpalais, Unterm Heilig Kreuz, in Fulda ein. Referent ist Dr. Michael Imhof. Seit dem 16. Jahrhundert lebten Juden in D\u00f6rfern und St\u00e4dten der Rh\u00f6n. Der Vortrag verfolgt ihre (nur l\u00fcckenhaft &hellip;<\/p>\n<\/div>","protected":false},"author":1,"featured_media":0,"comment_status":"closed","ping_status":"closed","sticky":false,"template":"","format":"standard","meta":{"footnotes":""},"categories":[1],"tags":[],"class_list":["post-155867","post","type-post","status-publish","format-standard","hentry","category-startseite"],"_links":{"self":[{"href":"https:\/\/www.fuldaernachrichten.de\/index.php?rest_route=\/wp\/v2\/posts\/155867","targetHints":{"allow":["GET"]}}],"collection":[{"href":"https:\/\/www.fuldaernachrichten.de\/index.php?rest_route=\/wp\/v2\/posts"}],"about":[{"href":"https:\/\/www.fuldaernachrichten.de\/index.php?rest_route=\/wp\/v2\/types\/post"}],"author":[{"embeddable":true,"href":"https:\/\/www.fuldaernachrichten.de\/index.php?rest_route=\/wp\/v2\/users\/1"}],"replies":[{"embeddable":true,"href":"https:\/\/www.fuldaernachrichten.de\/index.php?rest_route=%2Fwp%2Fv2%2Fcomments&post=155867"}],"version-history":[{"count":1,"href":"https:\/\/www.fuldaernachrichten.de\/index.php?rest_route=\/wp\/v2\/posts\/155867\/revisions"}],"predecessor-version":[{"id":155870,"href":"https:\/\/www.fuldaernachrichten.de\/index.php?rest_route=\/wp\/v2\/posts\/155867\/revisions\/155870"}],"wp:attachment":[{"href":"https:\/\/www.fuldaernachrichten.de\/index.php?rest_route=%2Fwp%2Fv2%2Fmedia&parent=155867"}],"wp:term":[{"taxonomy":"category","embeddable":true,"href":"https:\/\/www.fuldaernachrichten.de\/index.php?rest_route=%2Fwp%2Fv2%2Fcategories&post=155867"},{"taxonomy":"post_tag","embeddable":true,"href":"https:\/\/www.fuldaernachrichten.de\/index.php?rest_route=%2Fwp%2Fv2%2Ftags&post=155867"}],"curies":[{"name":"wp","href":"https:\/\/api.w.org\/{rel}","templated":true}]}}