{"id":155865,"date":"2016-10-06T00:45:05","date_gmt":"2016-10-05T22:45:05","guid":{"rendered":"http:\/\/www.fuldaer-nachrichten.de\/?p=155865"},"modified":"2016-10-06T00:45:05","modified_gmt":"2016-10-05T22:45:05","slug":"gelungener-auftakt-zur-jubilaeumsreihe-%e2%80%a8vernissage-und-grosses-tanzfest-im-buergerzentrum-aschenberg","status":"publish","type":"post","link":"https:\/\/www.fuldaernachrichten.de\/?p=155865","title":{"rendered":"Gelungener Auftakt zur Jubil\u00e4umsreihe: \u00e2\u20ac\u00a8Vernissage und gro\u00dfes Tanzfest im B\u00fcrgerzentrum Aschenberg"},"content":{"rendered":"<p><a href=\"http:\/\/www.fuldaer-nachrichten.de\/wp-content\/uploads\/2016\/10\/DSC02226.jpg\"><img decoding=\"async\" class=\"alignleft size-thumbnail wp-image-155873\" src=\"http:\/\/www.fuldaer-nachrichten.de\/wp-content\/uploads\/2016\/10\/DSC02226-265x177.jpg\" alt=\"dsc02226\" width=\"265\" height=\"177\" srcset=\"https:\/\/www.fuldaernachrichten.de\/wp-content\/uploads\/2016\/10\/DSC02226-265x177.jpg 265w, https:\/\/www.fuldaernachrichten.de\/wp-content\/uploads\/2016\/10\/DSC02226-768x512.jpg 768w, https:\/\/www.fuldaernachrichten.de\/wp-content\/uploads\/2016\/10\/DSC02226-600x400.jpg 600w, https:\/\/www.fuldaernachrichten.de\/wp-content\/uploads\/2016\/10\/DSC02226.jpg 900w\" sizes=\"(max-width: 265px) 100vw, 265px\" \/><\/a>Vor 10 Jahren wurde neues Leben in das B\u00fcrgerzentrum am Aschenberg gebracht, wo im Rahmen des Projektes \u201eSoziale Stadt\u201c das Gemeinwesen am Aschenberg gest\u00e4rkt werden sollte. Dies ist eine Erfolgsgeschichte, die nicht zuletzt in der Verleihung des Titels \u201eMehrgenerationenhaus\u201c resultierte. Unter der Regie des AWO Arbeiterwohlfahrt Kreisverbands Fulda wird dieses Jubil\u00e4um mit einer Reihe von Veranstaltungen gefeiert. Wolfram Latsch (Wirtschaftlicher Leiter der AWO) bedankte sich in seiner Laudatio bei allen, die sich im Lauf der Jahre im B\u00fcrgerzentrum engagiert haben, sowohl hauptamtlich als auch nebenamtlich, und freute sich \u00fcber den gut gef\u00fcllten gro\u00dfen B\u00fcrgerhaussaal.<\/p>\n<p>Hinter der B\u00fchne und an den W\u00e4nden hingen Bilder von Nacka Kovacic, deren Ausstellung in den n\u00e4chsten Wochen pr\u00e4sentiert wird. Zur Vernissage begr\u00fc\u00dfte Herr Latsch nicht nur die K\u00fcnstlerin selbst, sondern auch Reinhold Schreiner, den Vorsitzenden des Kunstvereins Fulda. F\u00fcr die musikalische Untermalung sorgte das Duo Zeitensprung mit seiner einf\u00fchlsamen Musik (Kalle Ziegler und Tilo Zschorn).<\/p>\n<p>Herr Schreiner verstand es in sehr ansprechender Weise, die farbenfrohen und ausdrucksstarken Gem\u00e4lde von Nacka Kovacic in Beziehung zum B\u00fcrgerzentrum Aschenberg zu setzen. Sie seien ein Ausdruck der Vielfalt, des Bunten und der Lebensfreude. Wie es im B\u00fcrgerzentrum jeden Tag zahlreiche Angebote gibt, die das Miteinander von Jung und Alt sowie der unterschiedlichen Kulturen f\u00f6rdern, so dr\u00fcckt die K\u00fcnstlerin ebenfalls ihre Emotionen in vielf\u00e4ltiger Weise aus. Dabei setzt sie unterschiedliche Maltechniken ein und l\u00e4sst sich keiner Stilrichtung zuordnen. Ihre Bilder sind teils abstrakt, teils realistisch, aber immer ein Teil von ihr selbst. Die mitunter auch sehr gro\u00dfformatigen Gem\u00e4lde wurden schon vielfach ausgestellt \u2013 auch \u00fcber die Grenzen Fuldas hinaus.<\/p>\n<p>Im Rahmen der Interkulturellen Woche feierte die AWO Tanzgruppe direkt im Anschluss an die Vernissage ihr 10j\u00e4hriges Bestehen unter dem Thema \u201eT\u00e4nze aus aller Welt\u201c. Ilona G\u00f6tz \u00fcbergab den bereits von Anfang an aktiven T\u00e4nzerinnen als Dankesch\u00f6n ein Fotobuch mit Schnappsch\u00fcssen der vielen Auftritte und diversen Unternehmungen. Au\u00dferdem konnte sie einige befreundete Tanzleiterinnen begr\u00fc\u00dfen und \u00fcber den gemeinsam zur\u00fcckgelegten Tanz-Weg berichten.<\/p>\n<p>Die Kuntry Kickers Petersberg kamen mit zwei Square-Formationen (also 16 Personen) und zeigten in Cowboyoutfit und Petticoats, was den Square Dance ausmacht. Sehr leidenschaftlich demonstrierte dies auch die Callerin Monika Reichelt, die mit ihrer Stimme Liedtexte und Tanzkommandos ausgezeichnet kombinierte.<\/p>\n<p>Die T\u00e4nzerinnen der AWO pr\u00e4sentierten ebenfalls drei T\u00e4nze, bevor dann die Mitfeiernden zum gemeinsamen Tanzen eingeladen wurden. Bis kurz vor Mitternacht wurde fr\u00f6hlich gefeiert. Zwischendurch konnte man sich an einem internationalen B\u00fcffet st\u00e4rken.<\/p>\n","protected":false},"excerpt":{"rendered":"<div class=\"tmnf_excerpt\"><p>Vor 10 Jahren wurde neues Leben in das B\u00fcrgerzentrum am Aschenberg gebracht, wo im Rahmen des Projektes \u201eSoziale Stadt\u201c das Gemeinwesen am Aschenberg gest\u00e4rkt werden sollte. Dies ist eine Erfolgsgeschichte, die nicht zuletzt in der Verleihung des Titels \u201eMehrgenerationenhaus\u201c resultierte. Unter der Regie des AWO Arbeiterwohlfahrt Kreisverbands Fulda wird dieses Jubil\u00e4um mit einer Reihe von &hellip;<\/p>\n<\/div>","protected":false},"author":1,"featured_media":155872,"comment_status":"closed","ping_status":"closed","sticky":false,"template":"","format":"standard","meta":{"footnotes":""},"categories":[1],"tags":[],"class_list":["post-155865","post","type-post","status-publish","format-standard","has-post-thumbnail","hentry","category-startseite"],"_links":{"self":[{"href":"https:\/\/www.fuldaernachrichten.de\/index.php?rest_route=\/wp\/v2\/posts\/155865","targetHints":{"allow":["GET"]}}],"collection":[{"href":"https:\/\/www.fuldaernachrichten.de\/index.php?rest_route=\/wp\/v2\/posts"}],"about":[{"href":"https:\/\/www.fuldaernachrichten.de\/index.php?rest_route=\/wp\/v2\/types\/post"}],"author":[{"embeddable":true,"href":"https:\/\/www.fuldaernachrichten.de\/index.php?rest_route=\/wp\/v2\/users\/1"}],"replies":[{"embeddable":true,"href":"https:\/\/www.fuldaernachrichten.de\/index.php?rest_route=%2Fwp%2Fv2%2Fcomments&post=155865"}],"version-history":[{"count":1,"href":"https:\/\/www.fuldaernachrichten.de\/index.php?rest_route=\/wp\/v2\/posts\/155865\/revisions"}],"predecessor-version":[{"id":155874,"href":"https:\/\/www.fuldaernachrichten.de\/index.php?rest_route=\/wp\/v2\/posts\/155865\/revisions\/155874"}],"wp:featuredmedia":[{"embeddable":true,"href":"https:\/\/www.fuldaernachrichten.de\/index.php?rest_route=\/wp\/v2\/media\/155872"}],"wp:attachment":[{"href":"https:\/\/www.fuldaernachrichten.de\/index.php?rest_route=%2Fwp%2Fv2%2Fmedia&parent=155865"}],"wp:term":[{"taxonomy":"category","embeddable":true,"href":"https:\/\/www.fuldaernachrichten.de\/index.php?rest_route=%2Fwp%2Fv2%2Fcategories&post=155865"},{"taxonomy":"post_tag","embeddable":true,"href":"https:\/\/www.fuldaernachrichten.de\/index.php?rest_route=%2Fwp%2Fv2%2Ftags&post=155865"}],"curies":[{"name":"wp","href":"https:\/\/api.w.org\/{rel}","templated":true}]}}