{"id":155862,"date":"2016-10-06T00:47:12","date_gmt":"2016-10-05T22:47:12","guid":{"rendered":"http:\/\/www.fuldaer-nachrichten.de\/?p=155862"},"modified":"2016-10-06T00:47:12","modified_gmt":"2016-10-05T22:47:12","slug":"herbstfest-fulda-vom-14-bis-16-oktober-mit-verkaufsoffenem-sonntag","status":"publish","type":"post","link":"https:\/\/www.fuldaernachrichten.de\/?p=155862","title":{"rendered":"Herbstfest Fulda vom 14. bis 16. Oktober mit verkaufsoffenem Sonntag"},"content":{"rendered":"<p>Vom 14. bis 16. Oktober wird der Universit\u00e4tsplatz zum Treffpunkt f\u00fcr zahlreiche Aktionen in der Innenstadt von Fulda. Vom Kino- und Karaoke-Abend \u00fcber die Party-Bigband \u201eVorsicht Gebl\u00e4se\u201c,\u00c2\u00a0 die Rh\u00f6ner Erlebnismeile, einen Eintracht Frankfurt Fanshop bis hin zum Zeltgottesdienst sowie den Stadtspazierg\u00e4ngen und dem verkaufsoffenen Sonntag bietet das Herbstfest Fulda ein buntes und abwechslungsreiches Programm zum Genie\u00dfen, Verweilen und Shoppen.<\/p>\n<p>So bunt und farbenfroh wie der Herbst ist auch das Herbstfest Fulda. Von Freitag, 14. bis Sonntag, 16. Oktober pr\u00e4sentiert sich Fuldas Innenstadt rund um den Universit\u00e4tsplatz wieder in seiner vielf\u00e4ltigen Gesamtheit als Erlebnis- und Kulturstadt. F\u00fcr das dreit\u00e4gige Event hat das Citymarketing Fulda in Zusammenarbeit mit der Stadt Fulda ein abwechslungsreiches Programm zusammengestellt.\u00c2\u00a0 Zentraler Ausgangspunkt ist das 800 m\u00c2\u00b2 gro\u00dfe und beheizte Festzelt auf dem Universit\u00e4tsplatz, das t\u00e4glich ab 11:00 Uhr ge\u00f6ffnet ist. \u00e2\u20ac\u00a8\u00e2\u20ac\u00a8Am Freitag, 14. Oktober pr\u00e4sentiert die Filmb\u00fchne Fulda e.V. ab 19:00 Uhr den Kinofilm \u201eDer geilste Tag\u201c mit Matthias Schweigh\u00f6fer. Die Tragikom\u00f6die handelt von zwei jungen M\u00e4nnern, die sich in einem Hospiz kennenlernen und beschlie\u00dfen, den geilsten Tag ihres Lebens zu erleben, bevor sie sterben. \u00e2\u20ac\u00a8In Fulda sind die Karaokeabende in der Kern-Karaoke-Bar bereits schon legend\u00e4r. Ab 22:00 Uhr k\u00f6nnen im Festzelt alle Superstars ihr Talent unter Beweis stellen, wobei der Spa\u00dffaktor im Vordergrund steht. \u00e2\u20ac\u00a8\u00e2\u20ac\u00a8Der Samstag, 15. Oktober,\u00c2\u00a0 steht ganz im Zeichen ehrlicher, solider und handgemachter Musik. Hartmanns-Harmonists, Becherklang und das Duo Biernot sind nur ein Vorgeschmack auf das gro\u00dfe Finale ab 20:00 Uhr mit Vorsicht Gebl\u00e4se. Vorsicht Gebl\u00e4se ist im wahrsten Sinne des Wortes eine \u201eriesige\u201c Band und fackelt bei ihren Konzerten ein wahres Feuerwerk bekannter Hits aus Rock, Pop, Funk &amp; Soul ab. Keine Songs aus der DJ-Retorte, sondern ehrliche Live-Musik \u00c3\u00a0 la Joe Cocker, Earth Wind &amp; Fire, Tower of Power, Robbie Williams, Jan Delay oder Bruno Mars. \u201eDas Konzert mit Vorsicht Gebl\u00e4se ist mit nur 5 EURO die einzige eintrittspflichtige Veranstaltung w\u00e4hrend des Herbstfestes. Einlass ist ab 19:00 Uhr. Tickets gibt es an der Abendkasse\u201c, so Edi Leib vom Citymarketing.<\/p>\n<p>Am Sonntag, 16. Oktober l\u00e4dt Stadtpfarrer Stefan Bu\u00df und Pfarrer Dr. Heinz-Georg Hennig um 11:30 Uhr zu einem \u00f6kumenischen Zeltgottesdienst ein. Anschlie\u00dfend werden die G\u00e4ste kulinarisch von Stefan Faulstich vom Restaurant Rh\u00f6nblick und J\u00f6rg Disse von EsStyle verw\u00f6hnt. Musikalisch wird der verkaufsoffene Sonntag von dem Musikverein Niesig, Herr M\u00fcller und seine Gitarre sowie abends von Cool Down begleitet.<\/p>\n<p>\u201eVon 13:00 bis 18:00 Uhr k\u00f6nnen alle Fuldaer und G\u00e4ste die Atmosph\u00e4re und den Flair der Stadt beim verkaufsoffenen Sonntag genie\u00dfen\u201c, so Edi Leib.<br \/>\nZum 25-j\u00e4hrigen Jubil\u00e4um laden die Gastronomen, Produzenten sowie die Partnerbetriebe der Dachmarke Rh\u00f6n am Samstag und Sonntag zu einer Rh\u00f6ner Erlebnismeile auf dem Jesuitenplatz ein. Im Jahr 1991 wurde die Rh\u00f6n von der UNESCO als Biosph\u00e4renreservat ausgezeichnet. Das Zauberwort hei\u00dft hier Nachhaltigkeit: Die Verkn\u00fcpfung von \u00f6kologischen, \u00f6konomischen und sozialen Bed\u00fcrfnissen. An diesem Punkt setzt die Dachmarke Rh\u00f6n an. Sie unterst\u00fctzt als Regionalinitiative engagierte Rh\u00f6ner Betriebe bei der Vermarktung von nachhaltig hergestellten und zugleich qualitativ hochwertigen Produkten nach dem Motto \u201eSchutz durch Nutzung\u201c.\u00c2\u00a0 Neben kulinarischen K\u00f6stlichkeiten und Spezialit\u00e4ten aus der Rh\u00f6n kann sich jeder Gast \u00fcber die aktuellen Projekte und Entwicklungen informieren. Zudem erfahren alle Interessierten, welchen wertvollen Beitrag die Mitglieder zur Erhaltung der Kulturlandschaft im Biosph\u00e4renreservat Rh\u00f6n leisten. \u00e2\u20ac\u00a8\u00e2\u20ac\u00a8\u201eUnsere Fu\u00dfball-Fans, explizit die Eintracht Frankfurt Fans, k\u00f6nnen sich in diesem Jahr auf einen gro\u00dfen Fanshop mit Spielern und dem Maskottchen \u201eAttila\u201c freuen. Viele tolle Aktionen rund um das Thema Fu\u00dfball, eine H\u00fcpfburg, Torwandschie\u00dfen, Tischkicker und vieles mehr finden von Freitag bis Sonntag auf dem Borgiasplatz statt. Unterst\u00fctzt wird dies von der Firma WEMAG in Kooperation mit Eintracht Frankfurt.<\/p>\n<p>Zum Entdecken und Wiederentdecken laden zudem die Stadtspazierg\u00e4nge durch Fulda ein. \u201eVon der farbenfrohen Herbstsymphonie oder von Kloster zu Kloster bis hin zum Hofleben im Wandel der Jahreszeiten bietet die Tourist Information spannende F\u00fchrungen zu familienfreundlichen Preisen. Machen Sie sich auf dem Weg und entdecken Sie Fulda \u2013 farbenfroh, kulinarisch, musikalisch oder beim Einkaufen\u201c, erg\u00e4nzt Dominik H\u00f6hl. Alle Informationen und Tickets zu den Spazierg\u00e4ngen sind ab sofort in der Tourist Information Fulda erh\u00e4ltlich.<\/p>\n<p>Detaillierte Informationen und das Programm sind abrufbar unter www.facebook.com\/\u00c2\u00a0 citymarketingfulda oder unter www.citymarketing-fulda.de<\/p>\n","protected":false},"excerpt":{"rendered":"<div class=\"tmnf_excerpt\"><p>Vom 14. bis 16. Oktober wird der Universit\u00e4tsplatz zum Treffpunkt f\u00fcr zahlreiche Aktionen in der Innenstadt von Fulda. Vom Kino- und Karaoke-Abend \u00fcber die Party-Bigband \u201eVorsicht Gebl\u00e4se\u201c,\u00c2\u00a0 die Rh\u00f6ner Erlebnismeile, einen Eintracht Frankfurt Fanshop bis hin zum Zeltgottesdienst sowie den Stadtspazierg\u00e4ngen und dem verkaufsoffenen Sonntag bietet das Herbstfest Fulda ein buntes und abwechslungsreiches Programm zum &hellip;<\/p>\n<\/div>","protected":false},"author":1,"featured_media":155880,"comment_status":"closed","ping_status":"closed","sticky":false,"template":"","format":"standard","meta":{"footnotes":""},"categories":[1],"tags":[],"class_list":["post-155862","post","type-post","status-publish","format-standard","has-post-thumbnail","hentry","category-startseite"],"_links":{"self":[{"href":"https:\/\/www.fuldaernachrichten.de\/index.php?rest_route=\/wp\/v2\/posts\/155862","targetHints":{"allow":["GET"]}}],"collection":[{"href":"https:\/\/www.fuldaernachrichten.de\/index.php?rest_route=\/wp\/v2\/posts"}],"about":[{"href":"https:\/\/www.fuldaernachrichten.de\/index.php?rest_route=\/wp\/v2\/types\/post"}],"author":[{"embeddable":true,"href":"https:\/\/www.fuldaernachrichten.de\/index.php?rest_route=\/wp\/v2\/users\/1"}],"replies":[{"embeddable":true,"href":"https:\/\/www.fuldaernachrichten.de\/index.php?rest_route=%2Fwp%2Fv2%2Fcomments&post=155862"}],"version-history":[{"count":1,"href":"https:\/\/www.fuldaernachrichten.de\/index.php?rest_route=\/wp\/v2\/posts\/155862\/revisions"}],"predecessor-version":[{"id":155881,"href":"https:\/\/www.fuldaernachrichten.de\/index.php?rest_route=\/wp\/v2\/posts\/155862\/revisions\/155881"}],"wp:featuredmedia":[{"embeddable":true,"href":"https:\/\/www.fuldaernachrichten.de\/index.php?rest_route=\/wp\/v2\/media\/155880"}],"wp:attachment":[{"href":"https:\/\/www.fuldaernachrichten.de\/index.php?rest_route=%2Fwp%2Fv2%2Fmedia&parent=155862"}],"wp:term":[{"taxonomy":"category","embeddable":true,"href":"https:\/\/www.fuldaernachrichten.de\/index.php?rest_route=%2Fwp%2Fv2%2Fcategories&post=155862"},{"taxonomy":"post_tag","embeddable":true,"href":"https:\/\/www.fuldaernachrichten.de\/index.php?rest_route=%2Fwp%2Fv2%2Ftags&post=155862"}],"curies":[{"name":"wp","href":"https:\/\/api.w.org\/{rel}","templated":true}]}}