{"id":155854,"date":"2016-10-06T00:42:22","date_gmt":"2016-10-05T22:42:22","guid":{"rendered":"http:\/\/www.fuldaer-nachrichten.de\/?p=155854"},"modified":"2016-10-06T00:42:22","modified_gmt":"2016-10-05T22:42:22","slug":"vitanas-senioren-centrum-fulda-galerie-auf-dem-herbstfest","status":"publish","type":"post","link":"https:\/\/www.fuldaernachrichten.de\/?p=155854","title":{"rendered":"Vitanas Senioren Centrum Fulda Galerie auf dem Herbstfest"},"content":{"rendered":"<p>Vom 14. bis 16. Oktober feiert Fulda den bunten Herbst mit einem tollen Herbstfest. Neben dem verkaufsoffenen Sonntag wird es wieder unterhaltsame und sch\u00f6ne Events in Fulda geben. Auch das Vitanas Senioren Centrum Fulda Galerie ist dieses Jahr mit dabei.<\/p>\n<p>Am Vitanas Stand gibt es ein abwechslungsreiches Programm f\u00fcr Jung und Alt. Dabei steht jeder Festtag unter einem anderen Motto. Am Freitag dreht sich alles um das Thema \u00e2\u20ac\u0161Pflege\u00e2\u20ac\u02dc. Mit Hilfe eines Alterssimulationsanzuges kann jeder Interessierte hautnah sp\u00fcren wie sich \u00e2\u20ac\u0161altern\u00e2\u20ac\u02dc anf\u00fchlt. Am Samstag geht es vor allem um \u00e2\u20ac\u0161Essen und K\u00fcche\u00e2\u20ac\u02dc, hier pr\u00e4sentiert sich das K\u00fcchenteam des Vitanas Senioren Centrums Fulda Galerie und zeigt wie geschmackvoll Essen im Alter sein kann. Am Sonntag spielt die \u00e2\u20ac\u0161Freizeitgestaltung im Pflegeheim\u00e2\u20ac\u02dc die Hauptrolle. Auch die selbstgebaute Seifenkiste, die dieses Jahr erstmalig am Fuldaer Seifenkistenrennen teilgenommen hat, wird einen Ehrenplatz am Stand bekommen. Das abwechslungsreiche Besch\u00e4ftigungsprogramm l\u00e4sst keine Langeweile aufkommen, das zeigen auch Alltagsbegleiter, die am Stand ihr Repertoire vorstellen. Viele weitere \u00dcberraschungen und Aktionen erwarten die Besucher am Vitanas-Stand.<\/p>\n<p>\u201eIch freue mich auf viele interessierte Senioren, die sich bei mir und meinen Kollegen informieren m\u00f6chten. Gerne vereinbaren wir vor Ort auch Besichtigungstermine f\u00fcr unsere sch\u00f6ne Einrichtung in Fulda Galerie\u201c, so Patricia Mantei aus dem Bewohnerservice des Vitanas Senioren Centrums Fulda Galerie. Weitere Informationen unter (0661) 480 49 &#8211; 100.<\/p>\n","protected":false},"excerpt":{"rendered":"<div class=\"tmnf_excerpt\"><p>Vom 14. bis 16. Oktober feiert Fulda den bunten Herbst mit einem tollen Herbstfest. Neben dem verkaufsoffenen Sonntag wird es wieder unterhaltsame und sch\u00f6ne Events in Fulda geben. Auch das Vitanas Senioren Centrum Fulda Galerie ist dieses Jahr mit dabei. Am Vitanas Stand gibt es ein abwechslungsreiches Programm f\u00fcr Jung und Alt. Dabei steht jeder &hellip;<\/p>\n<\/div>","protected":false},"author":1,"featured_media":155858,"comment_status":"closed","ping_status":"closed","sticky":false,"template":"","format":"standard","meta":{"footnotes":""},"categories":[1],"tags":[],"class_list":["post-155854","post","type-post","status-publish","format-standard","has-post-thumbnail","hentry","category-startseite"],"_links":{"self":[{"href":"https:\/\/www.fuldaernachrichten.de\/index.php?rest_route=\/wp\/v2\/posts\/155854","targetHints":{"allow":["GET"]}}],"collection":[{"href":"https:\/\/www.fuldaernachrichten.de\/index.php?rest_route=\/wp\/v2\/posts"}],"about":[{"href":"https:\/\/www.fuldaernachrichten.de\/index.php?rest_route=\/wp\/v2\/types\/post"}],"author":[{"embeddable":true,"href":"https:\/\/www.fuldaernachrichten.de\/index.php?rest_route=\/wp\/v2\/users\/1"}],"replies":[{"embeddable":true,"href":"https:\/\/www.fuldaernachrichten.de\/index.php?rest_route=%2Fwp%2Fv2%2Fcomments&post=155854"}],"version-history":[{"count":1,"href":"https:\/\/www.fuldaernachrichten.de\/index.php?rest_route=\/wp\/v2\/posts\/155854\/revisions"}],"predecessor-version":[{"id":155859,"href":"https:\/\/www.fuldaernachrichten.de\/index.php?rest_route=\/wp\/v2\/posts\/155854\/revisions\/155859"}],"wp:featuredmedia":[{"embeddable":true,"href":"https:\/\/www.fuldaernachrichten.de\/index.php?rest_route=\/wp\/v2\/media\/155858"}],"wp:attachment":[{"href":"https:\/\/www.fuldaernachrichten.de\/index.php?rest_route=%2Fwp%2Fv2%2Fmedia&parent=155854"}],"wp:term":[{"taxonomy":"category","embeddable":true,"href":"https:\/\/www.fuldaernachrichten.de\/index.php?rest_route=%2Fwp%2Fv2%2Fcategories&post=155854"},{"taxonomy":"post_tag","embeddable":true,"href":"https:\/\/www.fuldaernachrichten.de\/index.php?rest_route=%2Fwp%2Fv2%2Ftags&post=155854"}],"curies":[{"name":"wp","href":"https:\/\/api.w.org\/{rel}","templated":true}]}}