{"id":155851,"date":"2016-10-06T00:41:49","date_gmt":"2016-10-05T22:41:49","guid":{"rendered":"http:\/\/www.fuldaer-nachrichten.de\/?p=155851"},"modified":"2016-10-06T00:41:49","modified_gmt":"2016-10-05T22:41:49","slug":"krankenpflegeschule-landrat-goerig-begruesste-24-neue-azubis-zumr-gesundheits-und-krankenpflegerin","status":"publish","type":"post","link":"https:\/\/www.fuldaernachrichten.de\/?p=155851","title":{"rendered":"Krankenpflegeschule: Landrat G\u00f6rig begr\u00fc\u00dfte 24 neue Azubis zum\/r Gesundheits- und Krankenpfleger\/in"},"content":{"rendered":"<p>24 junge Menschen \u2013 19 Frauen und f\u00fcnf M\u00e4nner \u2013 haben in der Krankenpflegeschule des Vogelsbergkreises in Alsfeld ihre dreij\u00e4hrige Ausbildung begonnen. Sie wollen \u201eGesundheits- und Krankenpfleger\/in\u201c werden. Dieses bereits seit einigen Jahren erweiterte und insbesondere auf verst\u00e4rkte Pr\u00e4vention abzielende Berufsbild wird schon seit 60 Jahren (!) an der Krankenpflegeschule des Vogelsbergkreises in Alsfeld unterrichtet.<\/p>\n<p>12 Auszubildende haben ihren Ausbildungsvertrag mit dem Kreiskrankenhaus in Alsfeld und die anderen 12 mit dem Medizinischen Zentrum Eichhof in Lauterbach abgeschlossen. Insgesamt 15 kommen aus dem Vogelsbergkreis, neun aus Nachbarlandkreisen. Mehrere der neuen Auszubildenden haben bereits eine abgeschlossene Berufsausbildung, zum Beispiel in der Krankenpflegehilfe und als medizinische Fachangestellte. Die neuen Azubis sind zwischen 18 und 30 Jahre alt.<\/p>\n<p>Landrat Manfred G\u00f6rig, Schulleiterin Christiane Schwind sowie Vertreter der beiden Krankenh\u00e4user begr\u00fc\u00dften die Neuen. Auch Klassenleiterin Astrid Hill, die Pflegedienstdirektorin des Krankenhauses Eichhof Lauterbach, Kathrin Kleine, die Pflegedienstdirektorin des Kreiskrankenhauses Alsfeld, Nelli Isinger, Gesch\u00e4ftsf\u00fchrer Sassan Pur sowie die Betriebsr\u00e4te beider H\u00e4user, Norbert Korzenec (Alsfeld) und Thorsten Ebert (Lauterbach), w\u00fcnschten den Neuen viel Kraft und auch viel Freude in ihrem wichtigen Beruf.<\/p>\n<p>Der Landrat sprach von einer \u201esehr guten Entscheidung\u201c, diese Ausbildung und diesen Beruf zu w\u00e4hlen. \u201eAusgezeichnete Zukunftsaussichten\u201c sieht Manfred G\u00f6rig in diesem gesellschaftlich immer bedeutsamer werdenden Berufsbild. \u201eEs ist ein Beruf, der hohe Wertsch\u00e4tzung genie\u00dft und viel pers\u00f6nlichen Einsatz erfordert\u201c, unterstreicht der Landrat.<\/p>\n<p>Der Landrat lobte die sehr gute Zusammenarbeit des Kreiskrankenhauses in Alsfeld und des Krankenhauses Eichhof in Lauterbach in der Krankenpflegeausbildung. G\u00f6rig stellte zudem die Bedeutung der Krankenpflegeschule des Vogelsbergkreises als gr\u00f6\u00dfte Ausbildungsst\u00e4tte der Region heraus. \u201eDas ist ein Standortfaktor erster G\u00fcte\u201c, sagte der Landrat.<\/p>\n<p>Die staatliche Ausbildung dauert drei Jahre. Die Ausbildungstr\u00e4ger der praktischen Ausbildung sind das Kreiskrankenhaus des Vogelsbergkreises in Alsfeld GmbH und das Medizinische Zentrum Krankenhaus Eichhof Lauterbach.<\/p>\n<p>Innerhalb der praktischen Ausbildung lernen die k\u00fcnftigen Gesundheits- und Krankenpfleger\/innen alle Pflegebereiche und die ambulanten Einrichtungen der beiden Krankenh\u00e4user sowie die Psychiatrie im Eichhof-Krankenhaus Lauterbach und die Kinderklinik in Bad Hersfeld kennen.<\/p>\n<p>Die Krankenh\u00e4user in Lauterbach und Alsfeld haben mit der Kreiskrankenpflegeschule einen Kooperationsvertrag. Die beiden Krankenh\u00e4user sind die Ausbildungstr\u00e4ger, und mit ihnen haben die Sch\u00fclerinnen und Sch\u00fcler auch ihren Lehrvertrag. Sowohl f\u00fcr die Vermittlung der Theorie (2.100 Stunden) als auch f\u00fcr die Gestaltung der Praxisvermittlung (3.000 Stunden) ist die Krankenpflegeschule verantwortlich.<\/p>\n<p>In den vergangenen 60 Jahren haben in der Krankenpflegeschule \u00fcber 1200 junge Menschen eine hochwertige Ausbildung erhalten. Schultr\u00e4ger ist der Vogelsbergkreis.<\/p>\n","protected":false},"excerpt":{"rendered":"<div class=\"tmnf_excerpt\"><p>24 junge Menschen \u2013 19 Frauen und f\u00fcnf M\u00e4nner \u2013 haben in der Krankenpflegeschule des Vogelsbergkreises in Alsfeld ihre dreij\u00e4hrige Ausbildung begonnen. Sie wollen \u201eGesundheits- und Krankenpfleger\/in\u201c werden. Dieses bereits seit einigen Jahren erweiterte und insbesondere auf verst\u00e4rkte Pr\u00e4vention abzielende Berufsbild wird schon seit 60 Jahren (!) an der Krankenpflegeschule des Vogelsbergkreises in Alsfeld unterrichtet. &hellip;<\/p>\n<\/div>","protected":false},"author":1,"featured_media":155856,"comment_status":"closed","ping_status":"closed","sticky":false,"template":"","format":"standard","meta":{"footnotes":""},"categories":[1],"tags":[],"class_list":["post-155851","post","type-post","status-publish","format-standard","has-post-thumbnail","hentry","category-startseite"],"_links":{"self":[{"href":"https:\/\/www.fuldaernachrichten.de\/index.php?rest_route=\/wp\/v2\/posts\/155851","targetHints":{"allow":["GET"]}}],"collection":[{"href":"https:\/\/www.fuldaernachrichten.de\/index.php?rest_route=\/wp\/v2\/posts"}],"about":[{"href":"https:\/\/www.fuldaernachrichten.de\/index.php?rest_route=\/wp\/v2\/types\/post"}],"author":[{"embeddable":true,"href":"https:\/\/www.fuldaernachrichten.de\/index.php?rest_route=\/wp\/v2\/users\/1"}],"replies":[{"embeddable":true,"href":"https:\/\/www.fuldaernachrichten.de\/index.php?rest_route=%2Fwp%2Fv2%2Fcomments&post=155851"}],"version-history":[{"count":1,"href":"https:\/\/www.fuldaernachrichten.de\/index.php?rest_route=\/wp\/v2\/posts\/155851\/revisions"}],"predecessor-version":[{"id":155857,"href":"https:\/\/www.fuldaernachrichten.de\/index.php?rest_route=\/wp\/v2\/posts\/155851\/revisions\/155857"}],"wp:featuredmedia":[{"embeddable":true,"href":"https:\/\/www.fuldaernachrichten.de\/index.php?rest_route=\/wp\/v2\/media\/155856"}],"wp:attachment":[{"href":"https:\/\/www.fuldaernachrichten.de\/index.php?rest_route=%2Fwp%2Fv2%2Fmedia&parent=155851"}],"wp:term":[{"taxonomy":"category","embeddable":true,"href":"https:\/\/www.fuldaernachrichten.de\/index.php?rest_route=%2Fwp%2Fv2%2Fcategories&post=155851"},{"taxonomy":"post_tag","embeddable":true,"href":"https:\/\/www.fuldaernachrichten.de\/index.php?rest_route=%2Fwp%2Fv2%2Ftags&post=155851"}],"curies":[{"name":"wp","href":"https:\/\/api.w.org\/{rel}","templated":true}]}}