{"id":155844,"date":"2016-10-06T00:40:03","date_gmt":"2016-10-05T22:40:03","guid":{"rendered":"http:\/\/www.fuldaer-nachrichten.de\/?p=155844"},"modified":"2016-10-06T00:40:03","modified_gmt":"2016-10-05T22:40:03","slug":"besuch-aus-suedkorea-dorfentwicklung-von-poppenhausen-u-steinwand-als-vorbild","status":"publish","type":"post","link":"https:\/\/www.fuldaernachrichten.de\/?p=155844","title":{"rendered":"Besuch aus S\u00fcdkorea &#8211; Dorfentwicklung von Poppenhausen u. Steinwand als Vorbild"},"content":{"rendered":"<p>Im Rahmen einer Informationsreihe \u00fcber Entwicklungschancen des l\u00e4ndlichen Raumes besuchte am 27.September 2016 eine achtk\u00f6pfige s\u00fcdkoreanische Gruppe aus dem Verwaltungsdistrikt Sejong-Si die Gemeinde Poppenhausen, um Aussagen \u00fcber das momentan laufende Dorferneuerungsverfahren mit Modellcharakter zu erhalten.<br \/>\nDie guten Beziehungen des Landkreises Fulda mit Ministerien in S\u00fcdkorea f\u00fchrten zu der Anfrage, Entwicklungsprojekte f\u00fcr eine St\u00e4rkung des l\u00e4ndlichen Raums hier in Hessen kennen zu lernen.<\/p>\n<p>Dr. Hyun-Seok Oh, Leiter der Beratungsgruppe f\u00fcr l\u00e4ndliche und territoriale Entwicklung, berichtete in seinen Eingangsworten von massiver Landflucht in den d\u00f6rflichen Regionen S\u00fcdkoreas. Daher sei es von gro\u00dfem Interesse, mehr \u00fcber Entwicklungspl\u00e4ne f\u00fcr die sich ver\u00e4ndernden Rahmenbedingungen durch Globalisierung und demografischen Wandel zu erfahren.<\/p>\n<p>Nach kurzen Begr\u00fc\u00dfungsworten im Rathaus stellte B\u00fcrgermeister Manfred Helfrich in einem Kurzportrait die Gemeinde Poppenhausen mit ihren Besonderheiten vor. Ortsvorsteher und Arbeitskreisleiter Dorferneuerung Peter Detig erl\u00e4uterte im Anschluss den koreanischen G\u00e4sten mit einer Bilderschau einen Querschnitt von Um- und Neubauten landwirtschaftlicher Geh\u00f6fte in Steinwand und Wohnh\u00e4usern in Poppenhausen im Rahmen der Dorferneuerung. Beeindruckt von der Vielzahl privater und \u00f6ffentlicher Initiativen (Investitionen ca. 4,8 Mio. EURO in Summe) gab es korrespondierend viele Fragen zu den begleitenden Ausf\u00fchrungen des Arbeitskreisleiters und des B\u00fcrgermeisters. Vertieft wurden die Eindr\u00fccke der Delegation bei einem Rundgang in Poppenhausen und Steinwand, um F\u00f6rderprojekte der Dorferneuerung Steinwand\/Poppenhausen in der realen Umgebung kennenzulernen.<\/p>\n<p>Beispielgebend f\u00fcr \u00f6ffentliche Ma\u00dfnahmen sind die Umgestaltung des Marktplatzes, die fertig gestellte Stra\u00dfeneinm\u00fcndung Georg-\/Marienstra\u00dfe, der Platz der Kunst und Kultur am Weiherberg sowie die Erweiterung und Umfeldgestaltung des Feuerwehrhauses in Steinwand.<\/p>\n<p>Stellvertretend f\u00fcr private Ma\u00dfnahmen einer vorbildhaften Modernisierung steht der \u201eKl\u00fcbershof\u201c in Steinwand. Mit einem Neubau des Wohnhauses auf bereits bestehenden Grundmauern und modernisierten Wirtschaftsgeb\u00e4uden ist hier ein Vorzeigeprojekt der Dorferneuerung gelungen. Das beratende Architekturb\u00fcro Gensler-Architekten aus Weyhers und das f\u00fcr die Bauausf\u00fchrung verantwortliche, ortsans\u00e4ssige Architekturb\u00fcro Joachim Leitschuh haben mit viel Fachkompetenz und Augenma\u00df die Ma\u00dfnahmen begleitet.<\/p>\n<p>Nach der Besichtigung der Poppenhausener Kunstmeile genossen die Teilnehmer zur Mittagszeit einen Imbiss in Rh\u00f6ner-Charme-Qualit\u00e4t. Den Nachmittag verbrachte die Delegation auf dem Biohof Gensler. Inhaber Christof Gensler erl\u00e4uterte seine Konzeption des Biohofes mit regionaler Produktvermarktung, Holzofenb\u00e4ckerei, Schulbauernhof und einigen Eckdaten wie Besucherzahlen, Entwicklungsprozesse der Vermarktung und mehr. Mit einem Rundgang \u00fcber den Biohof und einer Verkostung der regionalen Produkte endete der Besuch der S\u00fcdkoreaner hier bei uns in der Rh\u00f6n.<\/p>\n<p>Besuchergruppe Rathaus:<br \/>\nDie Delegation aus S\u00fcdkorea mit Dr. Hyun-Seok Oh, dem Leiter der Beratungsgruppe (links) und B\u00fcrgermeister Manfred Helfrich und Ortsvorsteher Peter Detig (Mitte)<\/p>\n","protected":false},"excerpt":{"rendered":"<div class=\"tmnf_excerpt\"><p>Im Rahmen einer Informationsreihe \u00fcber Entwicklungschancen des l\u00e4ndlichen Raumes besuchte am 27.September 2016 eine achtk\u00f6pfige s\u00fcdkoreanische Gruppe aus dem Verwaltungsdistrikt Sejong-Si die Gemeinde Poppenhausen, um Aussagen \u00fcber das momentan laufende Dorferneuerungsverfahren mit Modellcharakter zu erhalten. Die guten Beziehungen des Landkreises Fulda mit Ministerien in S\u00fcdkorea f\u00fchrten zu der Anfrage, Entwicklungsprojekte f\u00fcr eine St\u00e4rkung des l\u00e4ndlichen &hellip;<\/p>\n<\/div>","protected":false},"author":1,"featured_media":155847,"comment_status":"closed","ping_status":"closed","sticky":false,"template":"","format":"standard","meta":{"footnotes":""},"categories":[1],"tags":[],"class_list":["post-155844","post","type-post","status-publish","format-standard","has-post-thumbnail","hentry","category-startseite"],"_links":{"self":[{"href":"https:\/\/www.fuldaernachrichten.de\/index.php?rest_route=\/wp\/v2\/posts\/155844","targetHints":{"allow":["GET"]}}],"collection":[{"href":"https:\/\/www.fuldaernachrichten.de\/index.php?rest_route=\/wp\/v2\/posts"}],"about":[{"href":"https:\/\/www.fuldaernachrichten.de\/index.php?rest_route=\/wp\/v2\/types\/post"}],"author":[{"embeddable":true,"href":"https:\/\/www.fuldaernachrichten.de\/index.php?rest_route=\/wp\/v2\/users\/1"}],"replies":[{"embeddable":true,"href":"https:\/\/www.fuldaernachrichten.de\/index.php?rest_route=%2Fwp%2Fv2%2Fcomments&post=155844"}],"version-history":[{"count":1,"href":"https:\/\/www.fuldaernachrichten.de\/index.php?rest_route=\/wp\/v2\/posts\/155844\/revisions"}],"predecessor-version":[{"id":155848,"href":"https:\/\/www.fuldaernachrichten.de\/index.php?rest_route=\/wp\/v2\/posts\/155844\/revisions\/155848"}],"wp:featuredmedia":[{"embeddable":true,"href":"https:\/\/www.fuldaernachrichten.de\/index.php?rest_route=\/wp\/v2\/media\/155847"}],"wp:attachment":[{"href":"https:\/\/www.fuldaernachrichten.de\/index.php?rest_route=%2Fwp%2Fv2%2Fmedia&parent=155844"}],"wp:term":[{"taxonomy":"category","embeddable":true,"href":"https:\/\/www.fuldaernachrichten.de\/index.php?rest_route=%2Fwp%2Fv2%2Fcategories&post=155844"},{"taxonomy":"post_tag","embeddable":true,"href":"https:\/\/www.fuldaernachrichten.de\/index.php?rest_route=%2Fwp%2Fv2%2Ftags&post=155844"}],"curies":[{"name":"wp","href":"https:\/\/api.w.org\/{rel}","templated":true}]}}