{"id":155825,"date":"2016-10-06T00:36:52","date_gmt":"2016-10-05T22:36:52","guid":{"rendered":"http:\/\/www.fuldaer-nachrichten.de\/?p=155825"},"modified":"2016-10-06T00:36:52","modified_gmt":"2016-10-05T22:36:52","slug":"vortrag-stell-dir-vor-es-geht-dir-gut","status":"publish","type":"post","link":"https:\/\/www.fuldaernachrichten.de\/?p=155825","title":{"rendered":"Vortrag: Stell dir vor, es geht dir gut"},"content":{"rendered":"<p>Der Spruch stimmt: \u201eDie Gesunden und die Kranken haben unterschiedliche Gedanken.\u201c Denn wir verk\u00fcmmern und werden krank, wenn durch Stress und willk\u00fcrliche Lebensvollz\u00fcge die Seele vernachl\u00e4ssigt wird. Wie wir denken und was wir tun, das pr\u00e4gt uns so nachhaltig, dass unsere ganze Lebensverwirklichung davon beeinflusst wird. Gesundheit\u00c2\u00a0 h\u00e4ngt in hohem Ma\u00dfe von unserer geistigen Einstellung ab. Die Malteser laden f\u00fcr Freitag, 14. Oktober 2016, um 14.30 Uhr zu einem Vortrag von Otto P\u00f6tter ins Hospiz-Zentrum am Gerloser Weg 20, 36039 Fulda,\u00c2\u00a0 im 1. Stock im Zentrum Vital, ein.\u00c2\u00a0 Der Verhaltenstherapeut P\u00f6tter\u00c2\u00a0 spricht \u00fcber Anleitungen f\u00fcr eine \u201eHeil bringende\u201c Lebenseinstellung auf der Grundlage der Logotherapie (Sinnorientierung); eine Umkonditionierung des Verhaltens hin zu mehr Lebensqualit\u00e4t. Die Zuh\u00f6rer werden ermutigt, ihr Leben bewusst lebenswerter zu gestalten. Ausgehend von einem ganzheitlich orientierten, christlichen Menschenbild handelt es sich um \u201eeinen Vortrag zur Aktivierung der inneren Heilkr\u00e4fte\u201c. Anmeldung erw\u00fcnscht unter Telefon: 0661 4802720 oder per mail: hospizzentrum.fulda@malteser.org.<\/p>\n","protected":false},"excerpt":{"rendered":"<div class=\"tmnf_excerpt\"><p>Der Spruch stimmt: \u201eDie Gesunden und die Kranken haben unterschiedliche Gedanken.\u201c Denn wir verk\u00fcmmern und werden krank, wenn durch Stress und willk\u00fcrliche Lebensvollz\u00fcge die Seele vernachl\u00e4ssigt wird. Wie wir denken und was wir tun, das pr\u00e4gt uns so nachhaltig, dass unsere ganze Lebensverwirklichung davon beeinflusst wird. Gesundheit\u00c2\u00a0 h\u00e4ngt in hohem Ma\u00dfe von unserer geistigen Einstellung &hellip;<\/p>\n<\/div>","protected":false},"author":1,"featured_media":0,"comment_status":"closed","ping_status":"closed","sticky":false,"template":"","format":"standard","meta":{"footnotes":""},"categories":[1],"tags":[],"class_list":["post-155825","post","type-post","status-publish","format-standard","hentry","category-startseite"],"_links":{"self":[{"href":"https:\/\/www.fuldaernachrichten.de\/index.php?rest_route=\/wp\/v2\/posts\/155825","targetHints":{"allow":["GET"]}}],"collection":[{"href":"https:\/\/www.fuldaernachrichten.de\/index.php?rest_route=\/wp\/v2\/posts"}],"about":[{"href":"https:\/\/www.fuldaernachrichten.de\/index.php?rest_route=\/wp\/v2\/types\/post"}],"author":[{"embeddable":true,"href":"https:\/\/www.fuldaernachrichten.de\/index.php?rest_route=\/wp\/v2\/users\/1"}],"replies":[{"embeddable":true,"href":"https:\/\/www.fuldaernachrichten.de\/index.php?rest_route=%2Fwp%2Fv2%2Fcomments&post=155825"}],"version-history":[{"count":1,"href":"https:\/\/www.fuldaernachrichten.de\/index.php?rest_route=\/wp\/v2\/posts\/155825\/revisions"}],"predecessor-version":[{"id":155836,"href":"https:\/\/www.fuldaernachrichten.de\/index.php?rest_route=\/wp\/v2\/posts\/155825\/revisions\/155836"}],"wp:attachment":[{"href":"https:\/\/www.fuldaernachrichten.de\/index.php?rest_route=%2Fwp%2Fv2%2Fmedia&parent=155825"}],"wp:term":[{"taxonomy":"category","embeddable":true,"href":"https:\/\/www.fuldaernachrichten.de\/index.php?rest_route=%2Fwp%2Fv2%2Fcategories&post=155825"},{"taxonomy":"post_tag","embeddable":true,"href":"https:\/\/www.fuldaernachrichten.de\/index.php?rest_route=%2Fwp%2Fv2%2Ftags&post=155825"}],"curies":[{"name":"wp","href":"https:\/\/api.w.org\/{rel}","templated":true}]}}