{"id":155816,"date":"2016-10-04T16:56:49","date_gmt":"2016-10-04T14:56:49","guid":{"rendered":"http:\/\/www.fuldaer-nachrichten.de\/?p=155816"},"modified":"2016-10-04T16:56:49","modified_gmt":"2016-10-04T14:56:49","slug":"ferienkochkurs-fuer-kinder-3","status":"publish","type":"post","link":"https:\/\/www.fuldaernachrichten.de\/?p=155816","title":{"rendered":"Ferienkochkurs f\u00fcr Kinder"},"content":{"rendered":"<p>Die Volkshochschule des Landkreises Fulda l\u00e4dt Kinder im Alter von acht bis zw\u00f6lf Jahren zu einem Kochkurs in den Herbstferien sind. Gerichte, die gesund und lecker sind, und das gemeinsame Kochen und Essen werden allen viel Spa\u00df machen! Beginn ist am Montag, 17. Oktober, um 14.00 Uhr in der K\u00fcche des Georg-Stieler-Hauses, Gallasiniring 1, in Fulda. Anmeldung mit Kursnummer VN3070106 unter www.vhs-fulda.de oder Telefon (0661)6006-1600.<\/p>\n","protected":false},"excerpt":{"rendered":"<div class=\"tmnf_excerpt\"><p>Die Volkshochschule des Landkreises Fulda l\u00e4dt Kinder im Alter von acht bis zw\u00f6lf Jahren zu einem Kochkurs in den Herbstferien sind. Gerichte, die gesund und lecker sind, und das gemeinsame Kochen und Essen werden allen viel Spa\u00df machen! Beginn ist am Montag, 17. Oktober, um 14.00 Uhr in der K\u00fcche des Georg-Stieler-Hauses, Gallasiniring 1, in &hellip;<\/p>\n<\/div>","protected":false},"author":1,"featured_media":0,"comment_status":"closed","ping_status":"closed","sticky":false,"template":"","format":"standard","meta":{"footnotes":""},"categories":[1],"tags":[],"class_list":["post-155816","post","type-post","status-publish","format-standard","hentry","category-startseite"],"_links":{"self":[{"href":"https:\/\/www.fuldaernachrichten.de\/index.php?rest_route=\/wp\/v2\/posts\/155816","targetHints":{"allow":["GET"]}}],"collection":[{"href":"https:\/\/www.fuldaernachrichten.de\/index.php?rest_route=\/wp\/v2\/posts"}],"about":[{"href":"https:\/\/www.fuldaernachrichten.de\/index.php?rest_route=\/wp\/v2\/types\/post"}],"author":[{"embeddable":true,"href":"https:\/\/www.fuldaernachrichten.de\/index.php?rest_route=\/wp\/v2\/users\/1"}],"replies":[{"embeddable":true,"href":"https:\/\/www.fuldaernachrichten.de\/index.php?rest_route=%2Fwp%2Fv2%2Fcomments&post=155816"}],"version-history":[{"count":1,"href":"https:\/\/www.fuldaernachrichten.de\/index.php?rest_route=\/wp\/v2\/posts\/155816\/revisions"}],"predecessor-version":[{"id":155822,"href":"https:\/\/www.fuldaernachrichten.de\/index.php?rest_route=\/wp\/v2\/posts\/155816\/revisions\/155822"}],"wp:attachment":[{"href":"https:\/\/www.fuldaernachrichten.de\/index.php?rest_route=%2Fwp%2Fv2%2Fmedia&parent=155816"}],"wp:term":[{"taxonomy":"category","embeddable":true,"href":"https:\/\/www.fuldaernachrichten.de\/index.php?rest_route=%2Fwp%2Fv2%2Fcategories&post=155816"},{"taxonomy":"post_tag","embeddable":true,"href":"https:\/\/www.fuldaernachrichten.de\/index.php?rest_route=%2Fwp%2Fv2%2Ftags&post=155816"}],"curies":[{"name":"wp","href":"https:\/\/api.w.org\/{rel}","templated":true}]}}