{"id":155814,"date":"2016-10-04T16:53:42","date_gmt":"2016-10-04T14:53:42","guid":{"rendered":"http:\/\/www.fuldaer-nachrichten.de\/?p=155814"},"modified":"2016-10-04T16:53:42","modified_gmt":"2016-10-04T14:53:42","slug":"buecherboerse-schallplatten-brettspiele-in-der-muetze","status":"publish","type":"post","link":"https:\/\/www.fuldaernachrichten.de\/?p=155814","title":{"rendered":"B\u00fccherb\u00f6rse Schallplatten + Brettspiele in \u201eDer M\u00dcTZE\u201c"},"content":{"rendered":"<p>Der F\u00f6rderverein der Bildungs- und Begegnungsst\u00e4tte M\u00fctterzentrum Fulda e. V. veranstaltet am Sonntag, 09. Oktober 2016 in der Zeit von 14.00 \u2013 16.00 Uhr eine B\u00fccherb\u00f6rse in \u201eDer M\u00dcTZE\u201c, Gallasiniring 8, in Fulda.<br \/>\nAngeboten werden neuwertige, aktuelle B\u00fccher, H\u00f6rb\u00fccher, Musik-CDs, DVDs, Schallplatten und Brettspiele. F\u00fcr das leibliche Wohl ist mit Kaffee und Kuchen gesorgt.<br \/>\nWeitere Informationen und Nummernvergabe unter Tel. 0661\/8050, Mo. \u2013 Fr. in der Zeit von 9.00 \u2013 13.00 Uhr.<\/p>\n","protected":false},"excerpt":{"rendered":"<div class=\"tmnf_excerpt\"><p>Der F\u00f6rderverein der Bildungs- und Begegnungsst\u00e4tte M\u00fctterzentrum Fulda e. V. veranstaltet am Sonntag, 09. Oktober 2016 in der Zeit von 14.00 \u2013 16.00 Uhr eine B\u00fccherb\u00f6rse in \u201eDer M\u00dcTZE\u201c, Gallasiniring 8, in Fulda. Angeboten werden neuwertige, aktuelle B\u00fccher, H\u00f6rb\u00fccher, Musik-CDs, DVDs, Schallplatten und Brettspiele. F\u00fcr das leibliche Wohl ist mit Kaffee und Kuchen gesorgt. Weitere &hellip;<\/p>\n<\/div>","protected":false},"author":1,"featured_media":0,"comment_status":"closed","ping_status":"closed","sticky":false,"template":"","format":"standard","meta":{"footnotes":""},"categories":[1],"tags":[],"class_list":["post-155814","post","type-post","status-publish","format-standard","hentry","category-startseite"],"_links":{"self":[{"href":"https:\/\/www.fuldaernachrichten.de\/index.php?rest_route=\/wp\/v2\/posts\/155814","targetHints":{"allow":["GET"]}}],"collection":[{"href":"https:\/\/www.fuldaernachrichten.de\/index.php?rest_route=\/wp\/v2\/posts"}],"about":[{"href":"https:\/\/www.fuldaernachrichten.de\/index.php?rest_route=\/wp\/v2\/types\/post"}],"author":[{"embeddable":true,"href":"https:\/\/www.fuldaernachrichten.de\/index.php?rest_route=\/wp\/v2\/users\/1"}],"replies":[{"embeddable":true,"href":"https:\/\/www.fuldaernachrichten.de\/index.php?rest_route=%2Fwp%2Fv2%2Fcomments&post=155814"}],"version-history":[{"count":1,"href":"https:\/\/www.fuldaernachrichten.de\/index.php?rest_route=\/wp\/v2\/posts\/155814\/revisions"}],"predecessor-version":[{"id":155818,"href":"https:\/\/www.fuldaernachrichten.de\/index.php?rest_route=\/wp\/v2\/posts\/155814\/revisions\/155818"}],"wp:attachment":[{"href":"https:\/\/www.fuldaernachrichten.de\/index.php?rest_route=%2Fwp%2Fv2%2Fmedia&parent=155814"}],"wp:term":[{"taxonomy":"category","embeddable":true,"href":"https:\/\/www.fuldaernachrichten.de\/index.php?rest_route=%2Fwp%2Fv2%2Fcategories&post=155814"},{"taxonomy":"post_tag","embeddable":true,"href":"https:\/\/www.fuldaernachrichten.de\/index.php?rest_route=%2Fwp%2Fv2%2Ftags&post=155814"}],"curies":[{"name":"wp","href":"https:\/\/api.w.org\/{rel}","templated":true}]}}