{"id":155787,"date":"2016-10-03T20:23:59","date_gmt":"2016-10-03T18:23:59","guid":{"rendered":"http:\/\/www.fuldaer-nachrichten.de\/?p=155787"},"modified":"2016-10-03T20:23:59","modified_gmt":"2016-10-03T18:23:59","slug":"klare-strategie-und-hohe-flexibilitaet-erhard-buechel-finalist-beim-grossen-preis-des-mittelstandes","status":"publish","type":"post","link":"https:\/\/www.fuldaernachrichten.de\/?p=155787","title":{"rendered":"\u201eKlare Strategie und hohe Flexibilit\u00e4t\u201c Erhard B\u00fcchel Finalist beim Gro\u00dfen Preis des Mittelstandes"},"content":{"rendered":"<p><a href=\"http:\/\/www.fuldaer-nachrichten.de\/wp-content\/uploads\/2016\/10\/IMG_6097-e1475519031881.jpg\"><img fetchpriority=\"high\" decoding=\"async\" class=\"alignleft size-thumbnail wp-image-155790\" src=\"http:\/\/www.fuldaer-nachrichten.de\/wp-content\/uploads\/2016\/10\/IMG_6097-e1475519031881-265x304.jpg\" alt=\"img_6097\" width=\"265\" height=\"304\" srcset=\"https:\/\/www.fuldaernachrichten.de\/wp-content\/uploads\/2016\/10\/IMG_6097-e1475519031881-265x304.jpg 265w, https:\/\/www.fuldaernachrichten.de\/wp-content\/uploads\/2016\/10\/IMG_6097-e1475519031881-231x265.jpg 231w, https:\/\/www.fuldaernachrichten.de\/wp-content\/uploads\/2016\/10\/IMG_6097-e1475519031881.jpg 472w\" sizes=\"(max-width: 265px) 100vw, 265px\" \/><\/a>Anl\u00e4sslich der Preisverleihung der Oskar-Patzelt-Stiftung wurde Unternehmer Erhard B\u00fcchel in W\u00fcrzburg zum Finalisten beim Gro\u00dfen Preis des Mittelstandes 2016 gek\u00fcrt. Von insgesamt 4 796 Bewerbungen waren 330 Unternehmen in die engere Wahl gekommen &#8211; 22 Unternehmer aus ganz Deutschland erhielten abschlie\u00dfend die Auszeichnung. Gratulationen kamen von den Vorst\u00e4nden der Oskar-Patzelt-Stiftung, Dr. Helfried Schmidt und Petra Tr\u00f6ger. Als ein innovatives Unternehmen, das Bew\u00e4hrtes bewahrt und dennoch gleichzeitig Treiber neuer Entwicklungen sei, wurde die B\u00fcchel GmbH &amp; Co. Fahrzeugteile KG in der Laudatio beschrieben. \u201eEin Unternehmen, das mit starken Werten, klarer Strategie und hoher Flexibilit\u00e4t\u00c2\u00a0 seinen Kurs steuert\u201c. Dar\u00fcber hinaus wurde auch das regionale und soziale Engagement insbesondere in den neuen Bundesl\u00e4ndern hervorgehoben. Im Wettbewerb werden die Unternehmen nicht nur nach betriebswirtschaftlichen Kriterien bewertet, sondern in ihrer Gesamtheit als Unternehmen und in ihrer Rolle in der Gesellschaft.<\/p>\n<p>Die Leipziger Oskar-Patzelt-Stiftung lobt seit 1994 diesen Preis, der nicht dotiert ist, aus und erf\u00e4hrt allj\u00e4hrlich eine steigende Resonanz. Bundesweit hatten in diesem Jahr mehr als 1 400 Institutionen in den 16 Bundesl\u00e4ndern insgesamt \u00fcber 4 000 kleine und mittlere Unternehmen sowie Banken und Kommunen nominiert.<\/p>\n<p>BU:\u00c2\u00a0 Setzte sich gegen 330 Bewerbungen durch: Erhard B\u00fcchel, hessischer Finalist und Preistr\u00e4ger \u201eGro\u00dfer Preis des Mittelstandes\u201c.<\/p>\n","protected":false},"excerpt":{"rendered":"<div class=\"tmnf_excerpt\"><p>Anl\u00e4sslich der Preisverleihung der Oskar-Patzelt-Stiftung wurde Unternehmer Erhard B\u00fcchel in W\u00fcrzburg zum Finalisten beim Gro\u00dfen Preis des Mittelstandes 2016 gek\u00fcrt. Von insgesamt 4 796 Bewerbungen waren 330 Unternehmen in die engere Wahl gekommen &#8211; 22 Unternehmer aus ganz Deutschland erhielten abschlie\u00dfend die Auszeichnung. Gratulationen kamen von den Vorst\u00e4nden der Oskar-Patzelt-Stiftung, Dr. Helfried Schmidt und Petra &hellip;<\/p>\n<\/div>","protected":false},"author":1,"featured_media":155791,"comment_status":"closed","ping_status":"closed","sticky":false,"template":"","format":"standard","meta":{"footnotes":""},"categories":[1],"tags":[],"class_list":["post-155787","post","type-post","status-publish","format-standard","has-post-thumbnail","hentry","category-startseite"],"_links":{"self":[{"href":"https:\/\/www.fuldaernachrichten.de\/index.php?rest_route=\/wp\/v2\/posts\/155787","targetHints":{"allow":["GET"]}}],"collection":[{"href":"https:\/\/www.fuldaernachrichten.de\/index.php?rest_route=\/wp\/v2\/posts"}],"about":[{"href":"https:\/\/www.fuldaernachrichten.de\/index.php?rest_route=\/wp\/v2\/types\/post"}],"author":[{"embeddable":true,"href":"https:\/\/www.fuldaernachrichten.de\/index.php?rest_route=\/wp\/v2\/users\/1"}],"replies":[{"embeddable":true,"href":"https:\/\/www.fuldaernachrichten.de\/index.php?rest_route=%2Fwp%2Fv2%2Fcomments&post=155787"}],"version-history":[{"count":1,"href":"https:\/\/www.fuldaernachrichten.de\/index.php?rest_route=\/wp\/v2\/posts\/155787\/revisions"}],"predecessor-version":[{"id":155792,"href":"https:\/\/www.fuldaernachrichten.de\/index.php?rest_route=\/wp\/v2\/posts\/155787\/revisions\/155792"}],"wp:featuredmedia":[{"embeddable":true,"href":"https:\/\/www.fuldaernachrichten.de\/index.php?rest_route=\/wp\/v2\/media\/155791"}],"wp:attachment":[{"href":"https:\/\/www.fuldaernachrichten.de\/index.php?rest_route=%2Fwp%2Fv2%2Fmedia&parent=155787"}],"wp:term":[{"taxonomy":"category","embeddable":true,"href":"https:\/\/www.fuldaernachrichten.de\/index.php?rest_route=%2Fwp%2Fv2%2Fcategories&post=155787"},{"taxonomy":"post_tag","embeddable":true,"href":"https:\/\/www.fuldaernachrichten.de\/index.php?rest_route=%2Fwp%2Fv2%2Ftags&post=155787"}],"curies":[{"name":"wp","href":"https:\/\/api.w.org\/{rel}","templated":true}]}}