{"id":155781,"date":"2016-10-03T20:20:47","date_gmt":"2016-10-03T18:20:47","guid":{"rendered":"http:\/\/www.fuldaer-nachrichten.de\/?p=155781"},"modified":"2016-10-03T20:20:47","modified_gmt":"2016-10-03T18:20:47","slug":"vereine-um-weitere-vorschlaege-gebeten","status":"publish","type":"post","link":"https:\/\/www.fuldaernachrichten.de\/?p=155781","title":{"rendered":"Vereine um weitere Vorschl\u00e4ge gebeten"},"content":{"rendered":"<p>Die traditionelle Sportlerehrung des Landkreises Fulda findet am Freitag, 25. November, in der Kreissporthalle Flieden statt und ist wiederum in eine Sportshow eingebunden. F\u00fcr die Veranstaltung bittet der Fachdienst Jugend, Familie, Sport, Ehrenamt der Kreisverwaltung um die Nennung von weiteren zu ehrenden Sportlerinnen und Sportlern.<\/p>\n<p>Bei der Veranstaltung werden Einzelsportler und Mannschaften f\u00fcr besondere Leistungen in den Jahren 2015 und 2016 geehrt. Dies sind 1. bis 6. Platz bei deutschen Meisterschaften oder Teilnahme am Bundesfinale \u201eJugend trainiert f\u00fcr Olympia\u201c, 1. bis 3. Platz bei hessischen Meisterschaften oder Sieg beim Landeswettbewerb \u201eJugend trainiert f\u00fcr Olympia\u201c sowie \u00fcberregionaler Rekord oder Meisterschaft wie zum Beispiel s\u00fcddeutsche Meisterschaften. Die Meldungen sollten bis zum 28. Oktober per E-Mail unter sportlerehrung@landkreis-fulda.de vorliegen und neben der Namensnennung auch Foos der zu ehrenden Personen enthalten, da bei der Veranstaltung wiederum eine Power-Point-Pr\u00e4sentation gezeigt wird. Alle notwendigen Unterlagen bekommen die \u00f6rtlichen Vereine \u00fcber die Stadt- und Gemeindeverwaltungen zugeschickt. Bei R\u00fcckfragen zur Sportlerehrung bitte an Dominik de Beisac, Telefon (0661)6006-486, wenden.<\/p>\n","protected":false},"excerpt":{"rendered":"<div class=\"tmnf_excerpt\"><p>Die traditionelle Sportlerehrung des Landkreises Fulda findet am Freitag, 25. November, in der Kreissporthalle Flieden statt und ist wiederum in eine Sportshow eingebunden. F\u00fcr die Veranstaltung bittet der Fachdienst Jugend, Familie, Sport, Ehrenamt der Kreisverwaltung um die Nennung von weiteren zu ehrenden Sportlerinnen und Sportlern. Bei der Veranstaltung werden Einzelsportler und Mannschaften f\u00fcr besondere Leistungen &hellip;<\/p>\n<\/div>","protected":false},"author":1,"featured_media":0,"comment_status":"closed","ping_status":"closed","sticky":false,"template":"","format":"standard","meta":{"footnotes":""},"categories":[1],"tags":[],"class_list":["post-155781","post","type-post","status-publish","format-standard","hentry","category-startseite"],"_links":{"self":[{"href":"https:\/\/www.fuldaernachrichten.de\/index.php?rest_route=\/wp\/v2\/posts\/155781","targetHints":{"allow":["GET"]}}],"collection":[{"href":"https:\/\/www.fuldaernachrichten.de\/index.php?rest_route=\/wp\/v2\/posts"}],"about":[{"href":"https:\/\/www.fuldaernachrichten.de\/index.php?rest_route=\/wp\/v2\/types\/post"}],"author":[{"embeddable":true,"href":"https:\/\/www.fuldaernachrichten.de\/index.php?rest_route=\/wp\/v2\/users\/1"}],"replies":[{"embeddable":true,"href":"https:\/\/www.fuldaernachrichten.de\/index.php?rest_route=%2Fwp%2Fv2%2Fcomments&post=155781"}],"version-history":[{"count":1,"href":"https:\/\/www.fuldaernachrichten.de\/index.php?rest_route=\/wp\/v2\/posts\/155781\/revisions"}],"predecessor-version":[{"id":155784,"href":"https:\/\/www.fuldaernachrichten.de\/index.php?rest_route=\/wp\/v2\/posts\/155781\/revisions\/155784"}],"wp:attachment":[{"href":"https:\/\/www.fuldaernachrichten.de\/index.php?rest_route=%2Fwp%2Fv2%2Fmedia&parent=155781"}],"wp:term":[{"taxonomy":"category","embeddable":true,"href":"https:\/\/www.fuldaernachrichten.de\/index.php?rest_route=%2Fwp%2Fv2%2Fcategories&post=155781"},{"taxonomy":"post_tag","embeddable":true,"href":"https:\/\/www.fuldaernachrichten.de\/index.php?rest_route=%2Fwp%2Fv2%2Ftags&post=155781"}],"curies":[{"name":"wp","href":"https:\/\/api.w.org\/{rel}","templated":true}]}}