{"id":155765,"date":"2016-10-03T20:22:40","date_gmt":"2016-10-03T18:22:40","guid":{"rendered":"http:\/\/www.fuldaer-nachrichten.de\/?p=155765"},"modified":"2016-10-03T20:22:40","modified_gmt":"2016-10-03T18:22:40","slug":"ernte-dank-im-rhoener-land-poppenhausener-landfrauen-dekorierten-lebensthemenbaum","status":"publish","type":"post","link":"https:\/\/www.fuldaernachrichten.de\/?p=155765","title":{"rendered":"\u201eErnte-Dank\u201c im Rh\u00f6ner Land Poppenhausener Landfrauen dekorierten Lebensthemenbaum"},"content":{"rendered":"<p>Zur Ernte-Dank-Zeit zeigen sich die Rh\u00f6ner jedes Jahr aufs Neue besonders Kreativ. Es ist eine lange und sch\u00f6ne Tradition, die nach der Erntezeit gepflegt wird. Ob Ernte-Dank-Brunnen, Fr\u00fcchteteppich, Hauseing\u00e4nge oder Altarr\u00e4ume in den Kirchen und Kapellen \u2013 das Thema l\u00e4sst sich vielf\u00e4ltig darstellen.<\/p>\n<p>Die Ortsmitte von Poppenhausen wurde vor einigen Jahren um den sog. \u201eLebensthemenbaum\u201c bereichert. Diese sinnhafte Metallskulptur dient u.a. speziell dazu, zu verschiedenen Anl\u00e4ssen und Themen gestaltet, geschm\u00fcckt bzw. dekoriert zu werden.<br \/>\nNeben Jubil\u00e4en und Vereinsfesten wird der \u201eBaum\u201c im Fr\u00fchjahr zum Thema Ostern geschm\u00fcckt und im Herbst eines jeden Jahres zum Thema \u201eErnte-Dank\u201c.<\/p>\n<p>Als besonders kreative K\u00f6pfe zeigten sich auch in diesem Jahr die Poppenhausener Landfrauen. Sie schm\u00fcckten die Skulptur mit Drahtk\u00f6rben, die mit Fr\u00fcchten gef\u00fcllt wurden und belegten den Stamm mit Maisstengeln und weiteren Fr\u00fcchten.<br \/>\nEs wurden verschiedene Fr\u00fcchte zusammengetragen, die f\u00fcr die Dekoration zum Einsatz kamen: Getreide\u00e4hren, Heu u. Gr\u00e4ser, Maiskolben und Maisbl\u00e4tter, Zier-\u00c4pfel, Hagebutten und Lampionblumen. Mit Unterst\u00fctzung der Bauhofarbeiter wurden die K\u00f6rbe schlie\u00dflich an der gew\u00fcnschten Position des Themenbaums befestigt.<br \/>\nDer dekorierte Lebensthemenbaum schm\u00fcckt jetzt einige Wochen um das Ernte-Dank-Fest die Ortsmitte zur Freude der Einheimischen und G\u00e4ste.<\/p>\n<p>Schlie\u00dflich passen die Themen Landwirtschaft, Landfrauen und Ernte-Dank gut zusammen, meint B\u00fcrgermeister Manfred Helfrich, der sich auch in diesem Jahr wieder \u00fcber die Unterst\u00fctzung der\u00c2\u00a0 Landfrauen freute. Folgende Landfrauen waren beim Schm\u00fccken aktiv: Maria Goldbach, Irmtraud Weigel, Elli Hahn, Maria Heller und Gertrud Zentgraf. Der Gemeindevorstand dankt den flei\u00dfigen Landfrauen f\u00fcr ihren kreativen Einsatz zu Gunsten eines schmucken Ortsbildes.<\/p>\n","protected":false},"excerpt":{"rendered":"<div class=\"tmnf_excerpt\"><p>Zur Ernte-Dank-Zeit zeigen sich die Rh\u00f6ner jedes Jahr aufs Neue besonders Kreativ. Es ist eine lange und sch\u00f6ne Tradition, die nach der Erntezeit gepflegt wird. Ob Ernte-Dank-Brunnen, Fr\u00fcchteteppich, Hauseing\u00e4nge oder Altarr\u00e4ume in den Kirchen und Kapellen \u2013 das Thema l\u00e4sst sich vielf\u00e4ltig darstellen. Die Ortsmitte von Poppenhausen wurde vor einigen Jahren um den sog. \u201eLebensthemenbaum\u201c &hellip;<\/p>\n<\/div>","protected":false},"author":1,"featured_media":155788,"comment_status":"closed","ping_status":"closed","sticky":false,"template":"","format":"standard","meta":{"footnotes":""},"categories":[1],"tags":[],"class_list":["post-155765","post","type-post","status-publish","format-standard","has-post-thumbnail","hentry","category-startseite"],"_links":{"self":[{"href":"https:\/\/www.fuldaernachrichten.de\/index.php?rest_route=\/wp\/v2\/posts\/155765","targetHints":{"allow":["GET"]}}],"collection":[{"href":"https:\/\/www.fuldaernachrichten.de\/index.php?rest_route=\/wp\/v2\/posts"}],"about":[{"href":"https:\/\/www.fuldaernachrichten.de\/index.php?rest_route=\/wp\/v2\/types\/post"}],"author":[{"embeddable":true,"href":"https:\/\/www.fuldaernachrichten.de\/index.php?rest_route=\/wp\/v2\/users\/1"}],"replies":[{"embeddable":true,"href":"https:\/\/www.fuldaernachrichten.de\/index.php?rest_route=%2Fwp%2Fv2%2Fcomments&post=155765"}],"version-history":[{"count":1,"href":"https:\/\/www.fuldaernachrichten.de\/index.php?rest_route=\/wp\/v2\/posts\/155765\/revisions"}],"predecessor-version":[{"id":155789,"href":"https:\/\/www.fuldaernachrichten.de\/index.php?rest_route=\/wp\/v2\/posts\/155765\/revisions\/155789"}],"wp:featuredmedia":[{"embeddable":true,"href":"https:\/\/www.fuldaernachrichten.de\/index.php?rest_route=\/wp\/v2\/media\/155788"}],"wp:attachment":[{"href":"https:\/\/www.fuldaernachrichten.de\/index.php?rest_route=%2Fwp%2Fv2%2Fmedia&parent=155765"}],"wp:term":[{"taxonomy":"category","embeddable":true,"href":"https:\/\/www.fuldaernachrichten.de\/index.php?rest_route=%2Fwp%2Fv2%2Fcategories&post=155765"},{"taxonomy":"post_tag","embeddable":true,"href":"https:\/\/www.fuldaernachrichten.de\/index.php?rest_route=%2Fwp%2Fv2%2Ftags&post=155765"}],"curies":[{"name":"wp","href":"https:\/\/api.w.org\/{rel}","templated":true}]}}