{"id":155732,"date":"2016-10-03T20:14:03","date_gmt":"2016-10-03T18:14:03","guid":{"rendered":"http:\/\/www.fuldaer-nachrichten.de\/?p=155732"},"modified":"2016-10-03T20:14:03","modified_gmt":"2016-10-03T18:14:03","slug":"fuenf-auszeichnungen-fuer-die-region-auf-der-landeskonferenz","status":"publish","type":"post","link":"https:\/\/www.fuldaernachrichten.de\/?p=155732","title":{"rendered":"F\u00fcnf Auszeichnungen f\u00fcr die Region auf der Landeskonferenz"},"content":{"rendered":"<p>Im September nahmen rund 200 junge Unternehmer und F\u00fchrungskr\u00e4fte an der Landeskonferenz (LAKO) 2016 in der Wetterau teil, darunter eine Delegation aus Fulda. Sie durfte sich gleich \u00fcber f\u00fcnf Auszeichnungen freuen &#8211; so viel wie noch nie in der langen Geschichte der Wirtschaftsjunioren Fulda.<\/p>\n<p>Auf dem LAKO-Welcome-Abend wurde Olga Krieger (WJ Vorstand Fulda) f\u00fcr ihr au\u00dferordentliches Engagement im Landesverband als \u201eJunior of the Year\u201c (JOY) ausgezeichnet, eine Ehrung f\u00fcr die Senkrechtstarter im Juniorenkreis. Tr\u00e4ger des JOY haben sich als besonders aktive Neumitglieder ausgezeichnet.<\/p>\n<p>Am n\u00e4chsten Tag setzte sich der Preisregen fort. Auf der Landeskonferenz wurden zwei \u201eGoldene L\u00f6wen\u201c verliehen, und beide gingen ebenfalls in die Region. Andrea Giesler und Michael Engels nahmen die Urkunde als WJ Mitglieder in Empfang, die sich \u00fcber ihren Kreis hinaus engagiert haben. Sie haben den Landesverband auf herausragende Weise unterst\u00fctzt und dazu beigetragen, dass die Arbeit der WJ Hessen in der \u00d6ffentlichkeit wahrgenommen wird.<\/p>\n<p>Michael Engels war Kreissprecher der Wirtschaftsjunioren Fulda, hat verschiedene Trainings durchlaufen, am Know-how-Transfer in Berlin teilgenommen und sich im Landesvorstand eingebracht.<\/p>\n<p>Andrea Giesler hat zahlreiche Projekte angesto\u00dfen und umgesetzt. Unter anderem hat die Unternehmerin die Gr\u00fcnderf\u00f6rderung ma\u00dfgeblich vorangetrieben. Auf ihre Initiative hin unterst\u00fctzen die WJ Sch\u00fcler beim bundesweiten Wettbewerb \u201eJugend gr\u00fcndet\u201c. Giesler war ebenfalls die treibende Kraft hinter dem Gr\u00fcnderpreis, mit dem erfolgreiche Jungunternehmer ausgezeichnet werden. Inzwischen wird er auf Hessenebene verliehen. Planungen f\u00fcr die Verleihung auf Bundesebene laufen bereits. Auch erfolgreiche Jungunternehmen aus der Region wurden schon mit dem Gr\u00fcnderpreis geehrt, der auf ein gro\u00dfes mediales Interesse st\u00f6\u00dft.<\/p>\n<p>Nicht zuletzt r\u00e4umten die WJ Fulda mit \u201eNetzwerken\u00c2\u00b3\u201c den ersten Platz in der Kategorie \u201eStrategische Erfolgspositionen\u201c sowie den \u201ePreis der Herzen\u201c ab. Mit dieser Veranstaltungsreihe haben die Wirtschaftsjunioren in diesem Jahr einen neuen Akzent gesetzt. Ziel ist es, mit drei Einladungen an drei Terminen die drei Juniorenkreise in den Bundesl\u00e4ndern Hessen, Th\u00fcringen und Bayern noch st\u00e4rker zu verzahnen.<\/p>\n<p>Nach Meiningen und Bad Kissingen waren die WJ Fulda Ende September Gastgeber der dritten und letzten Veranstaltung in diesem Jahr. Wirtschaftsjunioren und Freunde aus Bayern, Hessen und Th\u00fcringen trafen sich zur spannenden \u201eEntdeckertour\u201c in Fulda. Auf dem Programm stand ein Vortrag von Dirk R\u00fchl. Der \u201eGewohnheitsdesigner\u201c, Coach, Autor, Speaker und Moderator aus Kassel gab unter dem Motto \u201eDas Leben ist kein Parkplatz\u201c Anregungen, wie neue Gewohnheiten in sechs Schritten entwickelt werden k\u00f6nnen.<\/p>\n<p>Bei einer spannenden Stadtf\u00fchrung lernten die G\u00e4ste \u201eDie Perlen der Barockstadt\u201c kennen. Beim Weinforum im Weinhistorischen Konvent Fulda wurde der Gaumen verw\u00f6hnt und die Fuldische Weingeschichte n\u00e4hergebracht. Der Abend endete mit einem fr\u00f6hlichen Streifzug durchs Nachtleben in Fulda.<\/p>\n","protected":false},"excerpt":{"rendered":"<div class=\"tmnf_excerpt\"><p>Im September nahmen rund 200 junge Unternehmer und F\u00fchrungskr\u00e4fte an der Landeskonferenz (LAKO) 2016 in der Wetterau teil, darunter eine Delegation aus Fulda. Sie durfte sich gleich \u00fcber f\u00fcnf Auszeichnungen freuen &#8211; so viel wie noch nie in der langen Geschichte der Wirtschaftsjunioren Fulda. Auf dem LAKO-Welcome-Abend wurde Olga Krieger (WJ Vorstand Fulda) f\u00fcr ihr &hellip;<\/p>\n<\/div>","protected":false},"author":1,"featured_media":155742,"comment_status":"closed","ping_status":"closed","sticky":false,"template":"","format":"standard","meta":{"footnotes":""},"categories":[1],"tags":[],"class_list":["post-155732","post","type-post","status-publish","format-standard","has-post-thumbnail","hentry","category-startseite"],"_links":{"self":[{"href":"https:\/\/www.fuldaernachrichten.de\/index.php?rest_route=\/wp\/v2\/posts\/155732","targetHints":{"allow":["GET"]}}],"collection":[{"href":"https:\/\/www.fuldaernachrichten.de\/index.php?rest_route=\/wp\/v2\/posts"}],"about":[{"href":"https:\/\/www.fuldaernachrichten.de\/index.php?rest_route=\/wp\/v2\/types\/post"}],"author":[{"embeddable":true,"href":"https:\/\/www.fuldaernachrichten.de\/index.php?rest_route=\/wp\/v2\/users\/1"}],"replies":[{"embeddable":true,"href":"https:\/\/www.fuldaernachrichten.de\/index.php?rest_route=%2Fwp%2Fv2%2Fcomments&post=155732"}],"version-history":[{"count":1,"href":"https:\/\/www.fuldaernachrichten.de\/index.php?rest_route=\/wp\/v2\/posts\/155732\/revisions"}],"predecessor-version":[{"id":155744,"href":"https:\/\/www.fuldaernachrichten.de\/index.php?rest_route=\/wp\/v2\/posts\/155732\/revisions\/155744"}],"wp:featuredmedia":[{"embeddable":true,"href":"https:\/\/www.fuldaernachrichten.de\/index.php?rest_route=\/wp\/v2\/media\/155742"}],"wp:attachment":[{"href":"https:\/\/www.fuldaernachrichten.de\/index.php?rest_route=%2Fwp%2Fv2%2Fmedia&parent=155732"}],"wp:term":[{"taxonomy":"category","embeddable":true,"href":"https:\/\/www.fuldaernachrichten.de\/index.php?rest_route=%2Fwp%2Fv2%2Fcategories&post=155732"},{"taxonomy":"post_tag","embeddable":true,"href":"https:\/\/www.fuldaernachrichten.de\/index.php?rest_route=%2Fwp%2Fv2%2Ftags&post=155732"}],"curies":[{"name":"wp","href":"https:\/\/api.w.org\/{rel}","templated":true}]}}