{"id":155727,"date":"2016-10-03T20:10:37","date_gmt":"2016-10-03T18:10:37","guid":{"rendered":"http:\/\/www.fuldaer-nachrichten.de\/?p=155727"},"modified":"2016-10-03T20:10:37","modified_gmt":"2016-10-03T18:10:37","slug":"mit-ohne-schnelles-internet-stirbt-der-laendliche-raum-aus","status":"publish","type":"post","link":"https:\/\/www.fuldaernachrichten.de\/?p=155727","title":{"rendered":"MIT: Ohne schnelles Internet stirbt der l\u00e4ndliche Raum aus"},"content":{"rendered":"<p>\u201eOhne schnelles Internet stirbt der l\u00e4ndliche Raum aus.\u201c Das sagt J\u00fcrgen Diener, Kreisvorsitzender der CDU-Mittelstands- und Wirtschaftsvereinigung (MIT) im Kreis Fulda, und begr\u00fc\u00dft das Engagement von Landrat Bernd Woide, der sich schon seit vielen Jahren f\u00fcr den gro\u00dffl\u00e4chigen Breitbandausbau in der Region Fulda einsetze. \u201eNicht nur tausende Privathaushalte, sondern auch mehr als 1.200 mittelst\u00e4ndische Betriebe profitieren davon, dass jetzt alle wei\u00dfen Flecken ausgebaut werden.\u201c Das sichere die Zukunft des Landkreises Fulda langfristig und steigere die Attraktivit\u00e4t im Wettbewerb mit anderen Regionen.<\/p>\n<p>Landrat Woide nehme das von ihm erkl\u00e4rte Ziel, dem demographischen Wandel entgegenzuwirken, sehr ernst. \u201eWir wissen, dass Handwerksbetriebe nur dann weiter bestehen k\u00f6nnen, wenn wir ihnen im Rahmen der fortschreitenden Digitalisierung auch schnelles Internet zur Verf\u00fcgung stellen\u201c, sagt der MIT- Kreischef. Mit der Einbindung weiterer Gewerbeanschl\u00fcsse etwa f\u00fcr Architekten, Rechtsanw\u00e4lte, Marketingberater sowie Institutionen habe Woide auch \u201edie digitalen Weichen f\u00fcr die bislang unterversorgten Gesundheits-, Bildungs- und Gemeinschaftseinrichtungen sowie Verwaltungseinheiten im l\u00e4ndlichen Raum gestellt\u201c.<\/p>\n<p>\u201eMit den F\u00f6rdermitteln von Bund, Land Hessen und aus Finanzmitteln des Kreishaushalts wird die digitale Innovationsl\u00fccke zwischen Stadtregion und l\u00e4ndlichem Raum geschlossen. Der Landkreis bleibt damit wirtschaftsstark und innovativ\u201c, erg\u00e4nzt MIT-Vize Veit K\u00fcllmer. \u201eWir freuen uns \u00fcber die millionenschwere Zuwendung f\u00fcr die neue leistungsf\u00e4hige Glasfaserinfrastruktur und die wichtige St\u00e4rkung der Wirtschaftsregion Fulda. Dank der Begleitung des Prozesses durch unsere Bundestagsabgeordneten\u00c2\u00a0konnte der durch den Kreiskoordinator\u00c2\u00a0detailliert\u00c2\u00a0ausgearbeitete F\u00f6rderantrag in Berlin \u00fcberzeugen.\u201c<\/p>\n","protected":false},"excerpt":{"rendered":"<div class=\"tmnf_excerpt\"><p>\u201eOhne schnelles Internet stirbt der l\u00e4ndliche Raum aus.\u201c Das sagt J\u00fcrgen Diener, Kreisvorsitzender der CDU-Mittelstands- und Wirtschaftsvereinigung (MIT) im Kreis Fulda, und begr\u00fc\u00dft das Engagement von Landrat Bernd Woide, der sich schon seit vielen Jahren f\u00fcr den gro\u00dffl\u00e4chigen Breitbandausbau in der Region Fulda einsetze. \u201eNicht nur tausende Privathaushalte, sondern auch mehr als 1.200 mittelst\u00e4ndische Betriebe &hellip;<\/p>\n<\/div>","protected":false},"author":1,"featured_media":0,"comment_status":"closed","ping_status":"closed","sticky":false,"template":"","format":"standard","meta":{"footnotes":""},"categories":[1],"tags":[],"class_list":["post-155727","post","type-post","status-publish","format-standard","hentry","category-startseite"],"_links":{"self":[{"href":"https:\/\/www.fuldaernachrichten.de\/index.php?rest_route=\/wp\/v2\/posts\/155727","targetHints":{"allow":["GET"]}}],"collection":[{"href":"https:\/\/www.fuldaernachrichten.de\/index.php?rest_route=\/wp\/v2\/posts"}],"about":[{"href":"https:\/\/www.fuldaernachrichten.de\/index.php?rest_route=\/wp\/v2\/types\/post"}],"author":[{"embeddable":true,"href":"https:\/\/www.fuldaernachrichten.de\/index.php?rest_route=\/wp\/v2\/users\/1"}],"replies":[{"embeddable":true,"href":"https:\/\/www.fuldaernachrichten.de\/index.php?rest_route=%2Fwp%2Fv2%2Fcomments&post=155727"}],"version-history":[{"count":1,"href":"https:\/\/www.fuldaernachrichten.de\/index.php?rest_route=\/wp\/v2\/posts\/155727\/revisions"}],"predecessor-version":[{"id":155731,"href":"https:\/\/www.fuldaernachrichten.de\/index.php?rest_route=\/wp\/v2\/posts\/155727\/revisions\/155731"}],"wp:attachment":[{"href":"https:\/\/www.fuldaernachrichten.de\/index.php?rest_route=%2Fwp%2Fv2%2Fmedia&parent=155727"}],"wp:term":[{"taxonomy":"category","embeddable":true,"href":"https:\/\/www.fuldaernachrichten.de\/index.php?rest_route=%2Fwp%2Fv2%2Fcategories&post=155727"},{"taxonomy":"post_tag","embeddable":true,"href":"https:\/\/www.fuldaernachrichten.de\/index.php?rest_route=%2Fwp%2Fv2%2Ftags&post=155727"}],"curies":[{"name":"wp","href":"https:\/\/api.w.org\/{rel}","templated":true}]}}